{"id":52840,"date":"2018-03-19T08:14:53","date_gmt":"2018-03-19T11:14:53","guid":{"rendered":"http:\/\/portalcatolico.net\/portal\/?p=52840"},"modified":"2018-03-24T20:33:56","modified_gmt":"2018-03-24T23:33:56","slug":"por-que-o-papa-escolheu-o-dia-de-sao-jose-para-iniciar-seu-pontificado-ha-cinco-anos","status":"publish","type":"post","link":"http:\/\/portalcatolico.net\/portal\/por-que-o-papa-escolheu-o-dia-de-sao-jose-para-iniciar-seu-pontificado-ha-cinco-anos\/","title":{"rendered":"Por que o Papa escolheu o dia de S\u00e3o Jos\u00e9 para iniciar seu pontificado h\u00e1 cinco anos?"},"content":{"rendered":"<p>Em um dia como hoje, h\u00e1 cinco anos, o Papa Francisco iniciou o seu pontificado na Solenidade de S\u00e3o Jos\u00e9. Conhe\u00e7a as raz\u00f5es do Pont\u00edfice para ter escolhido esta data, como \u00e9 a sua rela\u00e7\u00e3o com o Santo Cust\u00f3dio e como neste tempo promoveu a sua devo\u00e7\u00e3o.<\/p>\n<p>No dia 19 de mar\u00e7o de 2013, a Pra\u00e7a S\u00e3o Pedro em Roma aclamava o Papa ao in\u00edcio de seu pontificado a servi\u00e7o da\u00a0Igreja\u00a0e do mundo. Nessa ocasi\u00e3o, o Pont\u00edfice disse: \u201cDou gra\u00e7as ao Senhor por poder celebrar esta Santa\u00a0Missa\u00a0de come\u00e7o do minist\u00e9rio petrino na Solenidade de S\u00e3o Jos\u00e9, esposo da\u00a0Virgem Maria\u00a0e patrono da Igreja universal: \u00e9 uma coincid\u00eancia muito rica de significado\u201d.<\/p>\n<p>\u201cTamb\u00e9m o Papa, para exercer o poder, deve entrar cada vez mais nesse servi\u00e7o que tem o seu cume luminoso na cruz; deve colocar o seu olhar no servi\u00e7o humilde, concreto, rico de f\u00e9, de S\u00e3o Jos\u00e9 e, como ele, abrir os bra\u00e7os para proteger a todo o Povo de Deus e acolher com carinho e ternura toda a humanidade\u201d, destacou.<\/p>\n<p>Meses depois, o Papa Francisco, atrav\u00e9s de um decreto da Congrega\u00e7\u00e3o para o Culto Divino e a Disciplina dos\u00a0Sacramentos, decidiu realizar uma pequena modifica\u00e7\u00e3o nas ora\u00e7\u00f5es da Missa para promover a devo\u00e7\u00e3o a S\u00e3o Jos\u00e9.<\/p>\n<p>Concretamente, com esta modifica\u00e7\u00e3o, o Santo Cust\u00f3dio \u00e9 mencionado nas Preces Eucar\u00edsticas II, III e IV da terceira edi\u00e7\u00e3o t\u00edpica do Missal Romano, colocando-se depois do nome da Virgem Maria.<\/p>\n<p>Posteriormente, em uma cerim\u00f4nia onde esteve acompanhado de\u00a0Bento XVI, o Papa Francisco consagrou o Estado da Cidade do Vaticano a S\u00e3o Jos\u00e9 e a S\u00e3o Miguel Arcanjo.<\/p>\n<p>Em 19 de mar\u00e7o de 2014, voltou a fazer refer\u00eancia a S\u00e3o Jos\u00e9 dizendo que \u201c\u00e9 o modelo do educador, do pai e do sacerdote. Assim, encomendo \u00e0 sua prote\u00e7\u00e3o todos os pais, os sacerdotes \u2013 que tamb\u00e9m s\u00e3o pais \u2013 e aqueles que t\u00eam um papel educativo na Igreja e na sociedade\u201d.<\/p>\n<p>Durante sua viagem \u00e0s Filipinas no come\u00e7o de 2015, o Pont\u00edfice fez uma reflex\u00e3o sobre as tr\u00eas li\u00e7\u00f5es que S\u00e3o Jos\u00e9 d\u00e1 \u00e0s fam\u00edlias do mundo inteiro: s\u00e3o o descansar no Senhor na ora\u00e7\u00e3o, crescer com Jesus e Santa Maria e ser uma voz prof\u00e9tica na sociedade.<\/p>\n<p>Nesta ocasi\u00e3o, revelou um de seus segredos mais guardados. \u201cEu gosto muito de S\u00e3o Jos\u00e9 porque \u00e9 um homem forte de sil\u00eancio. Na minha escrivaninha tenho uma imagem de S\u00e3o Jos\u00e9 dormindo e dormindo cuida da Igreja. Sim, pode faz\u00ea-lo, sabemos\u201d, indicou o Santo Padre.<\/p>\n<p>\u201cQuando tenho um problema, uma dificuldade, escrevo um papelzinho e o coloco debaixo de S\u00e3o Jos\u00e9 para que o sonhe. Isto significa para que reze por este problema\u201d, acrescentou.<\/p>\n<p>No voo de volta de Estrasburgo (Fran\u00e7a) ao Vaticano, depois de sua visita ao Parlamento Europeu e ao Conselho da Europa, o Pont\u00edfice disse: \u201cTodas as vezes que pedi alguma coisa para S\u00e3o Jos\u00e9, ele me concedeu\u201d.(acidigital)<\/p>\n<p>Por Abel Camasca<\/p>\n<p>&nbsp;<\/p>\n","protected":false},"excerpt":{"rendered":"<p>Em um dia como hoje, h\u00e1 cinco anos, o Papa Francisco iniciou o seu pontificado na Solenidade de S\u00e3o Jos\u00e9. Conhe\u00e7a as raz\u00f5es do Pont\u00edfice para ter escolhido esta data, como \u00e9 a sua rela\u00e7\u00e3o com o Santo Cust\u00f3dio e como neste tempo promoveu a sua devo\u00e7\u00e3o. No dia 19 de mar\u00e7o de 2013, a&nbsp;<\/p>\n<p><a class=\"btn btn-style\" href=\"http:\/\/portalcatolico.net\/portal\/por-que-o-papa-escolheu-o-dia-de-sao-jose-para-iniciar-seu-pontificado-ha-cinco-anos\/\">Continue Reading<\/a><\/p>\n","protected":false},"author":2,"featured_media":52841,"comment_status":"open","ping_status":"open","sticky":false,"template":"","format":"standard","meta":{"footnotes":""},"categories":[5],"tags":[],"class_list":["post-52840","post","type-post","status-publish","format-standard","has-post-thumbnail","hentry","category-igreja_no_mundo"],"_links":{"self":[{"href":"http:\/\/portalcatolico.net\/portal\/wp-json\/wp\/v2\/posts\/52840","targetHints":{"allow":["GET"]}}],"collection":[{"href":"http:\/\/portalcatolico.net\/portal\/wp-json\/wp\/v2\/posts"}],"about":[{"href":"http:\/\/portalcatolico.net\/portal\/wp-json\/wp\/v2\/types\/post"}],"author":[{"embeddable":true,"href":"http:\/\/portalcatolico.net\/portal\/wp-json\/wp\/v2\/users\/2"}],"replies":[{"embeddable":true,"href":"http:\/\/portalcatolico.net\/portal\/wp-json\/wp\/v2\/comments?post=52840"}],"version-history":[{"count":4,"href":"http:\/\/portalcatolico.net\/portal\/wp-json\/wp\/v2\/posts\/52840\/revisions"}],"predecessor-version":[{"id":53415,"href":"http:\/\/portalcatolico.net\/portal\/wp-json\/wp\/v2\/posts\/52840\/revisions\/53415"}],"wp:featuredmedia":[{"embeddable":true,"href":"http:\/\/portalcatolico.net\/portal\/wp-json\/wp\/v2\/media\/52841"}],"wp:attachment":[{"href":"http:\/\/portalcatolico.net\/portal\/wp-json\/wp\/v2\/media?parent=52840"}],"wp:term":[{"taxonomy":"category","embeddable":true,"href":"http:\/\/portalcatolico.net\/portal\/wp-json\/wp\/v2\/categories?post=52840"},{"taxonomy":"post_tag","embeddable":true,"href":"http:\/\/portalcatolico.net\/portal\/wp-json\/wp\/v2\/tags?post=52840"}],"curies":[{"name":"wp","href":"https:\/\/api.w.org\/{rel}","templated":true}]}}