{"id":52835,"date":"2018-03-19T07:55:12","date_gmt":"2018-03-19T10:55:12","guid":{"rendered":"http:\/\/portalcatolico.net\/portal\/?p=52835"},"modified":"2018-03-19T07:58:14","modified_gmt":"2018-03-19T10:58:14","slug":"caminhada-penitencial-acontece-em-ilheus","status":"publish","type":"post","link":"http:\/\/portalcatolico.net\/portal\/caminhada-penitencial-acontece-em-ilheus\/","title":{"rendered":"Caminhada penitencial acontece em Ilh\u00e9us"},"content":{"rendered":"<div dir=\"auto\">Neste domingo (18), uma multid\u00e3o tomou conta da Avenida Soares Lopes, em\u00a0Ilh\u00e9us, no sul da Bahia, para participar da Caminhada Penitencial, que \u00e9 promovida pela Diocese de Ilh\u00e9us h\u00e1 oito anos.<\/div>\n<div dir=\"auto\">A concentra\u00e7\u00e3o teve in\u00edcio \u00e0s 14h30 e \u00e0s 15h, come\u00e7ou a Caminhada, na Avenida Soares Lopes em dire\u00e7\u00e3o \u00e0 Catedral Diocesana de S\u00e3o Sebasti\u00e3o, onde foi realizada a Santa Celebra\u00e7\u00e3o Eucar\u00edstica, \u00e0s 16h45, presidida pelo Bispo da Diocese de \u00a0Ilh\u00e9us, Dom Mauro Montagnoli.<img loading=\"lazy\" decoding=\"async\" class=\"size-medium wp-image-52837 alignright\" src=\"http:\/\/portalcatolico.net\/portal\/wp-content\/uploads\/2018\/03\/IMG_1345-300x200.jpg\" alt=\"IMG_1345\" width=\"300\" height=\"200\" srcset=\"http:\/\/portalcatolico.net\/portal\/wp-content\/uploads\/2018\/03\/IMG_1345-300x200.jpg 300w, http:\/\/portalcatolico.net\/portal\/wp-content\/uploads\/2018\/03\/IMG_1345.jpg 640w\" sizes=\"auto, (max-width: 300px) 100vw, 300px\" \/><\/div>\n<div dir=\"auto\">Durante o percurso, os seminaristas levaram a cruz, s\u00edmbolo da\u00a0 Caminhada. Mais de 14 par\u00f3quias de Ilh\u00e9us participaram deste momento que motivam os fi\u00e9is cat\u00f3licos a refletirem sobre seus atos e a se reconciliarem com Deus.<\/div>\n<div dir=\"auto\">&#8220;\u00c9 uma caminhada onde a manifesta\u00e7\u00e3o de f\u00e9 do povo \u00e9 muito forte. Podemos perceber as pessoas manifestando sentimentos de alegria, tristeza, rever\u00eancia ao Sagrado. A Caminhada Penitencial reflete a beleza do povo ilheense e \u00e9 marcada pelo pedido de perd\u00e3o e a transforma\u00e7\u00e3o da tristeza em alegria por ter recebido a b\u00ean\u00e7\u00e3o do Senhor&#8221;, explica o bispo.<\/div>\n<div dir=\"auto\">Reportagem e fotos: Valdeni Elias<\/div>\n<div dir=\"auto\">Edi\u00e7\u00e3o de texto: Anara Passos<\/div>\n<div dir=\"auto\">\u00c1lbum de fotos.<a href=\"http:\/\/portalcatolico.net\/portal\/caminhada-penitencial-em-ilheus\/\"><span style=\"color: #ff0000;\">Clique aqui<\/span><\/a> e confira.<\/div>\n","protected":false},"excerpt":{"rendered":"<p>Neste domingo (18), uma multid\u00e3o tomou conta da Avenida Soares Lopes, em\u00a0Ilh\u00e9us, no sul da Bahia, para participar da Caminhada Penitencial, que \u00e9 promovida pela Diocese de Ilh\u00e9us h\u00e1 oito anos. A concentra\u00e7\u00e3o teve in\u00edcio \u00e0s 14h30 e \u00e0s 15h, come\u00e7ou a Caminhada, na Avenida Soares Lopes em dire\u00e7\u00e3o \u00e0 Catedral Diocesana de S\u00e3o Sebasti\u00e3o,&nbsp;<\/p>\n<p><a class=\"btn btn-style\" href=\"http:\/\/portalcatolico.net\/portal\/caminhada-penitencial-acontece-em-ilheus\/\">Continue Reading<\/a><\/p>\n","protected":false},"author":2,"featured_media":52836,"comment_status":"open","ping_status":"open","sticky":false,"template":"","format":"standard","meta":{"footnotes":""},"categories":[65],"tags":[],"class_list":["post-52835","post","type-post","status-publish","format-standard","has-post-thumbnail","hentry","category-entrevistas"],"_links":{"self":[{"href":"http:\/\/portalcatolico.net\/portal\/wp-json\/wp\/v2\/posts\/52835","targetHints":{"allow":["GET"]}}],"collection":[{"href":"http:\/\/portalcatolico.net\/portal\/wp-json\/wp\/v2\/posts"}],"about":[{"href":"http:\/\/portalcatolico.net\/portal\/wp-json\/wp\/v2\/types\/post"}],"author":[{"embeddable":true,"href":"http:\/\/portalcatolico.net\/portal\/wp-json\/wp\/v2\/users\/2"}],"replies":[{"embeddable":true,"href":"http:\/\/portalcatolico.net\/portal\/wp-json\/wp\/v2\/comments?post=52835"}],"version-history":[{"count":2,"href":"http:\/\/portalcatolico.net\/portal\/wp-json\/wp\/v2\/posts\/52835\/revisions"}],"predecessor-version":[{"id":52839,"href":"http:\/\/portalcatolico.net\/portal\/wp-json\/wp\/v2\/posts\/52835\/revisions\/52839"}],"wp:featuredmedia":[{"embeddable":true,"href":"http:\/\/portalcatolico.net\/portal\/wp-json\/wp\/v2\/media\/52836"}],"wp:attachment":[{"href":"http:\/\/portalcatolico.net\/portal\/wp-json\/wp\/v2\/media?parent=52835"}],"wp:term":[{"taxonomy":"category","embeddable":true,"href":"http:\/\/portalcatolico.net\/portal\/wp-json\/wp\/v2\/categories?post=52835"},{"taxonomy":"post_tag","embeddable":true,"href":"http:\/\/portalcatolico.net\/portal\/wp-json\/wp\/v2\/tags?post=52835"}],"curies":[{"name":"wp","href":"https:\/\/api.w.org\/{rel}","templated":true}]}}