{"id":52680,"date":"2018-03-18T23:29:51","date_gmt":"2018-03-19T02:29:51","guid":{"rendered":"http:\/\/portalcatolico.net\/portal\/?p=52680"},"modified":"2018-03-19T08:31:20","modified_gmt":"2018-03-19T11:31:20","slug":"diocese-de-itabuna-realiza-ultima-noite-do-novenario-de-sao-jose","status":"publish","type":"post","link":"http:\/\/portalcatolico.net\/portal\/diocese-de-itabuna-realiza-ultima-noite-do-novenario-de-sao-jose\/","title":{"rendered":"Diocese de Itabuna realiza \u00faltima noite do Noven\u00e1rio de S\u00e3o Jos\u00e9"},"content":{"rendered":"<div dir=\"auto\">\n<p>Aconteceu neste domingo (18), a \u00faltima noite do Noven\u00e1rio do padroeiro da Diocese, da Catedral e da cidade de Itabuna, com o Subtema: \u201cCrist\u00e3os leigos e \u00a0\u00a0leigas, promotores da paz (Fraternidade e supera\u00e7\u00e3o da viol\u00eancia).<\/p>\n<\/div>\n<div dir=\"auto\">\n<p>A santa celebra\u00e7\u00e3o teve inicio \u00e0s 18h e foi presidida pelo bispo diocesano Dom Carlos Alberto dos Santos\u00a0e concelebrada por padres e di\u00e1conos.<\/p>\n<\/div>\n<div dir=\"auto\">\n<p>Na homilia, o bispo disse: &#8220;(&#8230;) a fam\u00edlia \u00e9 o vaso primordial numa sociedade e na vida da Igreja, ela \u00e9 a Igreja dom\u00e9stica, ent\u00e3o por isso, que eu digo que voc\u00eas s\u00e3o os equilibristas, que conscientes de suas miss\u00f5es, n\u00e3o deixam o barco virar&#8221;<\/p>\n<\/div>\n<div dir=\"auto\">\n<p>Os convidados da noite foram: os\u00a0\u00a0homens de nome Jos\u00e9, itabunenses residentes em outras cidades, funcion\u00e1rios da Catedral e da Diocese.<\/p>\n<\/div>\n<div dir=\"auto\">\n<p>Os Respons\u00e1veis pelas liturgias da noite\u00a0\u00a0foram os Ministros Extraordin\u00e1rios da\u00a0\u00a0Comunh\u00e3o Eucar\u00edsticas (MECE).<\/p>\n<\/div>\n<div dir=\"auto\">O grande dia festivo acontece nesta segunda-feira, 19. Acompanhe aqui, toda a programa\u00e7\u00e3o deste dia especial!<\/div>\n<div dir=\"auto\">Confira as fotos na nossa p\u00e1gina do facebook. <a href=\"https:\/\/www.facebook.com\/portalcatolicooficial\"><span style=\"color: #ff0000;\"><strong>CLIQUE AQUI<\/strong><\/span><\/a><\/div>\n<div dir=\"auto\"><\/div>\n<div dir=\"auto\"><\/div>\n<div dir=\"auto\"><\/div>\n<div dir=\"auto\"><\/div>\n","protected":false},"excerpt":{"rendered":"<p>Aconteceu neste domingo (18), a \u00faltima noite do Noven\u00e1rio do padroeiro da Diocese, da Catedral e da cidade de Itabuna, com o Subtema: \u201cCrist\u00e3os leigos e \u00a0\u00a0leigas, promotores da paz (Fraternidade e supera\u00e7\u00e3o da viol\u00eancia). A santa celebra\u00e7\u00e3o teve inicio \u00e0s 18h e foi presidida pelo bispo diocesano Dom Carlos Alberto dos Santos\u00a0e concelebrada por&nbsp;<\/p>\n<p><a class=\"btn btn-style\" href=\"http:\/\/portalcatolico.net\/portal\/diocese-de-itabuna-realiza-ultima-noite-do-novenario-de-sao-jose\/\">Continue Reading<\/a><\/p>\n","protected":false},"author":2,"featured_media":52681,"comment_status":"open","ping_status":"open","sticky":false,"template":"","format":"standard","meta":{"footnotes":""},"categories":[68],"tags":[],"class_list":["post-52680","post","type-post","status-publish","format-standard","has-post-thumbnail","hentry","category-homilias"],"_links":{"self":[{"href":"http:\/\/portalcatolico.net\/portal\/wp-json\/wp\/v2\/posts\/52680","targetHints":{"allow":["GET"]}}],"collection":[{"href":"http:\/\/portalcatolico.net\/portal\/wp-json\/wp\/v2\/posts"}],"about":[{"href":"http:\/\/portalcatolico.net\/portal\/wp-json\/wp\/v2\/types\/post"}],"author":[{"embeddable":true,"href":"http:\/\/portalcatolico.net\/portal\/wp-json\/wp\/v2\/users\/2"}],"replies":[{"embeddable":true,"href":"http:\/\/portalcatolico.net\/portal\/wp-json\/wp\/v2\/comments?post=52680"}],"version-history":[{"count":5,"href":"http:\/\/portalcatolico.net\/portal\/wp-json\/wp\/v2\/posts\/52680\/revisions"}],"predecessor-version":[{"id":52846,"href":"http:\/\/portalcatolico.net\/portal\/wp-json\/wp\/v2\/posts\/52680\/revisions\/52846"}],"wp:featuredmedia":[{"embeddable":true,"href":"http:\/\/portalcatolico.net\/portal\/wp-json\/wp\/v2\/media\/52681"}],"wp:attachment":[{"href":"http:\/\/portalcatolico.net\/portal\/wp-json\/wp\/v2\/media?parent=52680"}],"wp:term":[{"taxonomy":"category","embeddable":true,"href":"http:\/\/portalcatolico.net\/portal\/wp-json\/wp\/v2\/categories?post=52680"},{"taxonomy":"post_tag","embeddable":true,"href":"http:\/\/portalcatolico.net\/portal\/wp-json\/wp\/v2\/tags?post=52680"}],"curies":[{"name":"wp","href":"https:\/\/api.w.org\/{rel}","templated":true}]}}