{"id":52676,"date":"2018-03-18T22:44:10","date_gmt":"2018-03-19T01:44:10","guid":{"rendered":"http:\/\/portalcatolico.net\/portal\/?p=52676"},"modified":"2018-03-18T22:44:10","modified_gmt":"2018-03-19T01:44:10","slug":"diocese-de-itabuna-realiza-seminario-sobre-superacao-da-violencia-participe","status":"publish","type":"post","link":"http:\/\/portalcatolico.net\/portal\/diocese-de-itabuna-realiza-seminario-sobre-superacao-da-violencia-participe\/","title":{"rendered":"Diocese de Itabuna realiza Semin\u00e1rio sobre supera\u00e7\u00e3o da viol\u00eancia. Participe!"},"content":{"rendered":"<div dir=\"auto\"><i>A Diocese de Itabuna convida a popula\u00e7\u00e3o de Itabuna e cidades circunvizinhas para participar do Semin\u00e1rio sobre a Campanha da Fraternidade 2018, com o tema: &#8220;Fraternidade e Supera\u00e7\u00e3o da Viol\u00eancia&#8221;, que ir\u00e1 acontecer nos dias 22 e 23 de mar\u00e7o em Itabuna.<\/i><\/div>\n<div dir=\"auto\"><i>Na quinta-feira (22), ser\u00e1 feita a apresenta\u00e7\u00e3o do tema, seguido de um debate pelo Arcebispo metropolitano da Arquidiocese de Feira de Santana, Dom\u00a0<\/i><i>Zanoni\u00a0 Demettino Castro<\/i><i>, no audit\u00f3rio da FTC, a partir das 18h.<\/i><\/div>\n<div dir=\"auto\"><i>No dia 23, ocorrer\u00e3o oficinas tem\u00e1ticas pela manh\u00e3 e pela tarde, no Col\u00e9gio Josu\u00e9 Brand\u00e3o no bairro Santo Ant\u00f4nio, em Itabuna.<\/i><\/div>\n<div dir=\"auto\"><i>O evento \u00e9 aberto \u00e0 toda\u00a0 comunidade e destinado, principalmente, \u00e0s par\u00f3quias\u00a0<\/i><i>itabunenses<\/i><i>.<\/i><\/div>\n<div dir=\"auto\"><i>Esse evento \u00e9 uma iniciativa do Minist\u00e9rio P\u00fablico de Itabuna, por meio de Dra Cleide, e a aprova\u00e7\u00e3o e o incentivo do Bispo da Diocese de Itabuna, Dom Carlos Alberto dos Santos.<\/i><\/div>\n<div dir=\"auto\">\n<div class=\"yj6qo\">Edi\u00e7\u00e3o de texto: Reda\u00e7\u00e3o Portal Cat\u00f3lico<\/div>\n<\/div>\n","protected":false},"excerpt":{"rendered":"<p>A Diocese de Itabuna convida a popula\u00e7\u00e3o de Itabuna e cidades circunvizinhas para participar do Semin\u00e1rio sobre a Campanha da Fraternidade 2018, com o tema: &#8220;Fraternidade e Supera\u00e7\u00e3o da Viol\u00eancia&#8221;, que ir\u00e1 acontecer nos dias 22 e 23 de mar\u00e7o em Itabuna. Na quinta-feira (22), ser\u00e1 feita a apresenta\u00e7\u00e3o do tema, seguido de um debate&nbsp;<\/p>\n<p><a class=\"btn btn-style\" href=\"http:\/\/portalcatolico.net\/portal\/diocese-de-itabuna-realiza-seminario-sobre-superacao-da-violencia-participe\/\">Continue Reading<\/a><\/p>\n","protected":false},"author":2,"featured_media":52677,"comment_status":"open","ping_status":"open","sticky":false,"template":"","format":"standard","meta":{"footnotes":""},"categories":[2],"tags":[],"class_list":["post-52676","post","type-post","status-publish","format-standard","has-post-thumbnail","hentry","category-eventos"],"_links":{"self":[{"href":"http:\/\/portalcatolico.net\/portal\/wp-json\/wp\/v2\/posts\/52676","targetHints":{"allow":["GET"]}}],"collection":[{"href":"http:\/\/portalcatolico.net\/portal\/wp-json\/wp\/v2\/posts"}],"about":[{"href":"http:\/\/portalcatolico.net\/portal\/wp-json\/wp\/v2\/types\/post"}],"author":[{"embeddable":true,"href":"http:\/\/portalcatolico.net\/portal\/wp-json\/wp\/v2\/users\/2"}],"replies":[{"embeddable":true,"href":"http:\/\/portalcatolico.net\/portal\/wp-json\/wp\/v2\/comments?post=52676"}],"version-history":[{"count":1,"href":"http:\/\/portalcatolico.net\/portal\/wp-json\/wp\/v2\/posts\/52676\/revisions"}],"predecessor-version":[{"id":52678,"href":"http:\/\/portalcatolico.net\/portal\/wp-json\/wp\/v2\/posts\/52676\/revisions\/52678"}],"wp:featuredmedia":[{"embeddable":true,"href":"http:\/\/portalcatolico.net\/portal\/wp-json\/wp\/v2\/media\/52677"}],"wp:attachment":[{"href":"http:\/\/portalcatolico.net\/portal\/wp-json\/wp\/v2\/media?parent=52676"}],"wp:term":[{"taxonomy":"category","embeddable":true,"href":"http:\/\/portalcatolico.net\/portal\/wp-json\/wp\/v2\/categories?post=52676"},{"taxonomy":"post_tag","embeddable":true,"href":"http:\/\/portalcatolico.net\/portal\/wp-json\/wp\/v2\/tags?post=52676"}],"curies":[{"name":"wp","href":"https:\/\/api.w.org\/{rel}","templated":true}]}}