{"id":52672,"date":"2018-03-17T22:40:35","date_gmt":"2018-03-18T01:40:35","guid":{"rendered":"http:\/\/portalcatolico.net\/portal\/?p=52672"},"modified":"2018-03-18T22:40:53","modified_gmt":"2018-03-19T01:40:53","slug":"segue-o-novenario-de-sao-jose-em-itabuna-2","status":"publish","type":"post","link":"http:\/\/portalcatolico.net\/portal\/segue-o-novenario-de-sao-jose-em-itabuna-2\/","title":{"rendered":"Segue o Noven\u00e1rio de S\u00e3o Jos\u00e9 em Itabuna"},"content":{"rendered":"<div dir=\"auto\">A oitava noite do Noven\u00e1rio e festa em prepara\u00e7\u00e3o \u00a0para\u00a0 solenidade de S\u00e3o Jos\u00e9 teve como \u00a0o Subtema: \u201cCrist\u00e3os leigos e leigas,\u00a0\u00a0formados na escuta da palavra de Deus\u201d.<\/div>\n<div dir=\"auto\">A Celebra\u00e7\u00e3o Eucar\u00edstica foi presidida pelo Padre Ac\u00e1ssio Alves \u00a0da Par\u00f3quia S\u00e3o Judas Tadeu, situada no Bairro Cast\u00e1lia e concelebrada pelo Padre Gilvan Oliveira,(p\u00e1roco da Catedral de S\u00e3o Jos\u00e9); Frei Renato Fazi; pelos di\u00e1conos Trajano Oswaldo e\u00a0 Esmeraldo Sardinha, entre outros.<\/div>\n<div dir=\"auto\">Os \u00a0convidados foram Associa\u00e7\u00f5es de bairros, Grupo de A\u00e7\u00e3o\u00a0\u00a0Comunit\u00e1ria e Sindicatos.<\/div>\n<div dir=\"auto\">\n<p>Os Respons\u00e1veis foram: Caminho Neo\u00a0\u00a0Catecumenal, Equipe da Miseric\u00f3rdia.<\/p>\n<\/div>\n<div dir=\"auto\">Ap\u00f3s a Celebra\u00e7\u00e3o Eucar\u00edstica, a Comunidade participou da Quermesse com os tradicionais bolos, tortas e diversas comidas, al\u00e9m de um agrad\u00e1vel ambiente familiar acompanhado de uma boa m\u00fasica, com participa\u00e7\u00e3o do cantor e compositor Jomar Matos.<\/div>\n","protected":false},"excerpt":{"rendered":"<p>A oitava noite do Noven\u00e1rio e festa em prepara\u00e7\u00e3o \u00a0para\u00a0 solenidade de S\u00e3o Jos\u00e9 teve como \u00a0o Subtema: \u201cCrist\u00e3os leigos e leigas,\u00a0\u00a0formados na escuta da palavra de Deus\u201d. A Celebra\u00e7\u00e3o Eucar\u00edstica foi presidida pelo Padre Ac\u00e1ssio Alves \u00a0da Par\u00f3quia S\u00e3o Judas Tadeu, situada no Bairro Cast\u00e1lia e concelebrada pelo Padre Gilvan Oliveira,(p\u00e1roco da Catedral de&nbsp;<\/p>\n<p><a class=\"btn btn-style\" href=\"http:\/\/portalcatolico.net\/portal\/segue-o-novenario-de-sao-jose-em-itabuna-2\/\">Continue Reading<\/a><\/p>\n","protected":false},"author":2,"featured_media":52673,"comment_status":"open","ping_status":"open","sticky":false,"template":"","format":"standard","meta":{"footnotes":""},"categories":[4],"tags":[],"class_list":["post-52672","post","type-post","status-publish","format-standard","has-post-thumbnail","hentry","category-destaques"],"_links":{"self":[{"href":"http:\/\/portalcatolico.net\/portal\/wp-json\/wp\/v2\/posts\/52672","targetHints":{"allow":["GET"]}}],"collection":[{"href":"http:\/\/portalcatolico.net\/portal\/wp-json\/wp\/v2\/posts"}],"about":[{"href":"http:\/\/portalcatolico.net\/portal\/wp-json\/wp\/v2\/types\/post"}],"author":[{"embeddable":true,"href":"http:\/\/portalcatolico.net\/portal\/wp-json\/wp\/v2\/users\/2"}],"replies":[{"embeddable":true,"href":"http:\/\/portalcatolico.net\/portal\/wp-json\/wp\/v2\/comments?post=52672"}],"version-history":[{"count":2,"href":"http:\/\/portalcatolico.net\/portal\/wp-json\/wp\/v2\/posts\/52672\/revisions"}],"predecessor-version":[{"id":52675,"href":"http:\/\/portalcatolico.net\/portal\/wp-json\/wp\/v2\/posts\/52672\/revisions\/52675"}],"wp:featuredmedia":[{"embeddable":true,"href":"http:\/\/portalcatolico.net\/portal\/wp-json\/wp\/v2\/media\/52673"}],"wp:attachment":[{"href":"http:\/\/portalcatolico.net\/portal\/wp-json\/wp\/v2\/media?parent=52672"}],"wp:term":[{"taxonomy":"category","embeddable":true,"href":"http:\/\/portalcatolico.net\/portal\/wp-json\/wp\/v2\/categories?post=52672"},{"taxonomy":"post_tag","embeddable":true,"href":"http:\/\/portalcatolico.net\/portal\/wp-json\/wp\/v2\/tags?post=52672"}],"curies":[{"name":"wp","href":"https:\/\/api.w.org\/{rel}","templated":true}]}}