{"id":52669,"date":"2018-03-18T07:20:38","date_gmt":"2018-03-18T10:20:38","guid":{"rendered":"http:\/\/portalcatolico.net\/portal\/?p=52669"},"modified":"2018-03-18T07:20:38","modified_gmt":"2018-03-18T10:20:38","slug":"pe-roberto-assume-reitoria-do-seminario-bom-pastor-dia-21","status":"publish","type":"post","link":"http:\/\/portalcatolico.net\/portal\/pe-roberto-assume-reitoria-do-seminario-bom-pastor-dia-21\/","title":{"rendered":"Pe. Roberto Assume Reitoria do Semin\u00e1rio Bom Pastor Dia 21"},"content":{"rendered":"<p>O Padre Roberto Pereira da Silva, que atuou como p\u00e1roco da Catedral S\u00e3o Pedro durante 9 anos, assume no dia 21 de mar\u00e7o a fun\u00e7\u00e3o de Reitor do Semin\u00e1rio Proped\u00eautico Bom Pastor em Teixeira de Freitas. Al\u00e9m disso, ele tamb\u00e9m ser\u00e1 animador vocacional, uma fun\u00e7\u00e3o que antes n\u00e3o existia na Diocese, e que tem a miss\u00e3o de inspirar as voca\u00e7\u00f5es na Igreja. A cerim\u00f4nia de posse acontecer\u00e1 no Centro Diocesano, \u00e0s 19h, e toda a comunidade est\u00e1 convidada a prestigiar o sacerdote nesse novo momento de sua vida.<\/p>\n<p>At\u00e9 o dia 16 de mar\u00e7o, Padre Roberto segue com suas fun\u00e7\u00f5es paroquiais e administrativas na S\u00e3o Pedro, quando acontecer\u00e1 sua \u00faltima celebra\u00e7\u00e3o. Depois desse dia, fica em seu lugar o Padre Edivaldo Oliveira Santana, que vem da par\u00f3quia Nossa Senhora de F\u00e1tima, em Itamaraju, e atuou como administrador diocesano no per\u00edodo em que a Diocese ficou vacante.<\/p>\n<p>Padre Roberto Pereira da Silva nasceu no dia 2 de dezembro de 1979, em Nanuque, Minas Gerais. Depois de completar o Ensino M\u00e9dio, passou a participar de encontros vocacionais e ingressou no Semin\u00e1rio Menor em 2000. Fez todo o processo e concluiu os estudos em Aracaju, SE. Durante seu est\u00e1gio, atuou como seminarista na Catedral S\u00e3o Pedro durante seis meses, sendo direcionado em seguida para a par\u00f3quia S\u00e3o Jos\u00e9 Oper\u00e1rio. Foi ordenado como p\u00e1roco em Lajed\u00e3o, cidade onde cresceu, passando 9 anos na S\u00e3o Pedro.<\/p>\n<p>Esse \u00e9 o momento de toda a comunidade rezar para que Padre Roberto continue seguindo com amor e dedica\u00e7\u00e3o os caminhos de sua voca\u00e7\u00e3o.<\/p>\n<p>Por PASCOM-Diocese de Teixeira de Freitas\/Caravelas<\/p>\n","protected":false},"excerpt":{"rendered":"<p>O Padre Roberto Pereira da Silva, que atuou como p\u00e1roco da Catedral S\u00e3o Pedro durante 9 anos, assume no dia 21 de mar\u00e7o a fun\u00e7\u00e3o de Reitor do Semin\u00e1rio Proped\u00eautico Bom Pastor em Teixeira de Freitas. Al\u00e9m disso, ele tamb\u00e9m ser\u00e1 animador vocacional, uma fun\u00e7\u00e3o que antes n\u00e3o existia na Diocese, e que tem a&nbsp;<\/p>\n<p><a class=\"btn btn-style\" href=\"http:\/\/portalcatolico.net\/portal\/pe-roberto-assume-reitoria-do-seminario-bom-pastor-dia-21\/\">Continue Reading<\/a><\/p>\n","protected":false},"author":2,"featured_media":52670,"comment_status":"open","ping_status":"open","sticky":false,"template":"","format":"standard","meta":{"footnotes":""},"categories":[3],"tags":[],"class_list":["post-52669","post","type-post","status-publish","format-standard","has-post-thumbnail","hentry","category-noticias_regionais"],"_links":{"self":[{"href":"http:\/\/portalcatolico.net\/portal\/wp-json\/wp\/v2\/posts\/52669","targetHints":{"allow":["GET"]}}],"collection":[{"href":"http:\/\/portalcatolico.net\/portal\/wp-json\/wp\/v2\/posts"}],"about":[{"href":"http:\/\/portalcatolico.net\/portal\/wp-json\/wp\/v2\/types\/post"}],"author":[{"embeddable":true,"href":"http:\/\/portalcatolico.net\/portal\/wp-json\/wp\/v2\/users\/2"}],"replies":[{"embeddable":true,"href":"http:\/\/portalcatolico.net\/portal\/wp-json\/wp\/v2\/comments?post=52669"}],"version-history":[{"count":1,"href":"http:\/\/portalcatolico.net\/portal\/wp-json\/wp\/v2\/posts\/52669\/revisions"}],"predecessor-version":[{"id":52671,"href":"http:\/\/portalcatolico.net\/portal\/wp-json\/wp\/v2\/posts\/52669\/revisions\/52671"}],"wp:featuredmedia":[{"embeddable":true,"href":"http:\/\/portalcatolico.net\/portal\/wp-json\/wp\/v2\/media\/52670"}],"wp:attachment":[{"href":"http:\/\/portalcatolico.net\/portal\/wp-json\/wp\/v2\/media?parent=52669"}],"wp:term":[{"taxonomy":"category","embeddable":true,"href":"http:\/\/portalcatolico.net\/portal\/wp-json\/wp\/v2\/categories?post=52669"},{"taxonomy":"post_tag","embeddable":true,"href":"http:\/\/portalcatolico.net\/portal\/wp-json\/wp\/v2\/tags?post=52669"}],"curies":[{"name":"wp","href":"https:\/\/api.w.org\/{rel}","templated":true}]}}