{"id":52666,"date":"2018-03-18T06:40:56","date_gmt":"2018-03-18T09:40:56","guid":{"rendered":"http:\/\/portalcatolico.net\/portal\/?p=52666"},"modified":"2018-03-18T06:40:56","modified_gmt":"2018-03-18T09:40:56","slug":"os-tres-misterios-da-morte-de-padre-pio","status":"publish","type":"post","link":"http:\/\/portalcatolico.net\/portal\/os-tres-misterios-da-morte-de-padre-pio\/","title":{"rendered":"Os tr\u00eas mist\u00e9rios da morte de Padre Pio"},"content":{"rendered":"<p><b>Papa Francisco<\/b>\u00a0neste s\u00e1bado (17), ir\u00e1 a\u00a0<b>San Giovanni Rotondo\u00a0<\/b>para rezar diante do corpo de\u00a0<b>S\u00e3o\u00a0Padre Pio<\/b>. Sua visita consistir\u00e1 em rezar pelo dom deste grande santo, mas tamb\u00e9m para encontrar-se com jovens, crian\u00e7as enfermas, colaboradores do hospital e religiosos.<\/p>\n<p>Para falar do\u00a0<b>centen\u00e1rio dos estigmas de Padre Pio<\/b>, um dos temas atuais nestes \u00faltimos dias, e dos tr\u00eas grandes mist\u00e9rios deste santo, o site\u00a0<b>Vatican News\u00a0<\/b>entrevistou Stefano Campanella diretor da Tele Radio Padre Pio.<\/p>\n<p><b>Como Padre Pio viveu os estigmas?<\/b><\/p>\n<p>Tudo come\u00e7a a partir do momento em que Padre Pio foi ordenado sacerdote em 10 de agosto de 1910. Naquela ocasi\u00e3o, ele preparou uma pequena imagem de lembran\u00e7a na qual ele escreveu na m\u00e3o que queria ser como Jesus:<b>\u00a0um sacerdote santo e uma v\u00edtima perfeita.<\/b>Ent\u00e3o, de suas cartas, descobrimos que ele havia feito v\u00e1rias vezes a oferta de si mesmo ao Senhor para obter a convers\u00e3o dos pecadores e a purifica\u00e7\u00e3o das almas no Purgat\u00f3rio. Poucas semanas ap\u00f3s essa oferta de si mesmo, o Senhor lhe respondeu a Pietrelcina, exatamente no distrito de Piana Romana que ser\u00e1 visitado pelo Papa, enquanto rezava sob um olmo, atrav\u00e9s do dom dos estigmas.<\/p>\n<p>Ent\u00e3o, como ele estava confuso com esses sinais vis\u00edveis, ele pediu ao Senhor para que os sinais vis\u00edveis desaparecessem e deixassem apenas a dor. Isso aconteceu por alguns anos. Ent\u00e3o, em 20 de setembro de 1918, os estigmas voltaram a se tornar vis\u00edveis e permaneceram ao longo de sua vida; desapareceu gradualmente nos \u00faltimos meses antes da sua morte. Quando foi a realizada inspec\u00e7\u00e3o no corpo de Padre Pio, imediatamente ap\u00f3s sua morte, o m\u00e9dico assistente, que tamb\u00e9m era o prefeito de Pietrelcina, Professor Sala, observou que os estigmas haviam desaparecidos completamente sem deixar nenhum tra\u00e7o de cicatriz. Isto, de acordo com a ci\u00eancia, \u00e9 chamado de absurdo fisiopatol\u00f3gico.<\/p>\n<p><b>Quanto aos estigmas do padre Pio, tanto S\u00e3o Jo\u00e3o Paulo II quanto Bento XVI se concentraram nesse aspecto, falando precisamente da oferta de si mesmo que Padre Pio fez em semelhan\u00e7a \u00e0 Cristo. Algumas vozes no passado, no entanto, expressaram perplexidade. Voc\u00ea teve a oportunidade de estudar a quest\u00e3o completamente. Que ideia foi feita?<\/b><\/p>\n<p>Devo dizer com um pouco de lamenta\u00e7\u00e3o que as vozes que expressaram perplexidade sobre a autenticidade dos estigmas do padre Pio, foram caracterizadas pela falta de consci\u00eancia de tudo o que era o aprofundamento que a Igreja queria fazer para verificar a confiabilidade do fen\u00f4meno. Em 1919, tr\u00eas m\u00e9dicos vieram ver os estigmas do Padre Pio, por ordem dos principais superiores da ordem e tamb\u00e9m do Santo Of\u00edcio, que produziu tr\u00eas relat\u00f3rios; um segundo relat\u00f3rio datado de 1925 foi feito por um dos tr\u00eas m\u00e9dicos.<\/p>\n<p><b>De todos esses relat\u00f3rios surge a autenticidade do fen\u00f4meno.\u00a0<\/b>Dois dos tr\u00eas m\u00e9dicos o chamavam de fen\u00f4meno cientificamente inexplic\u00e1vel; O terceiro, o professor Amico Bignami da Universidade La Sapienza de Roma, pediu um experimento: envolvendo as m\u00e3os do Padre Pio por oito dias, impedindo-o de usar qualquer subst\u00e2ncia para manter os estigmas vivos. Ele garantiu que depois de oito dias eles seriam curados. Este experimento foi realizado gra\u00e7as a tr\u00eas frades que enfaixaram as m\u00e3os e os p\u00e9s de Padre Pio; Ap\u00f3s oito dias, os estigmas estavam sangrando mais do que antes.<\/p>\n<p>&nbsp;<\/p>\n<p><b>O senhor acabou de publicar o livro: &#8220;Os Tr\u00eas Mist\u00e9rios do Padre Pio&#8221;, no qual se concentra em tr\u00eas circunst\u00e2ncias muito particulares relacionadas \u00e0 morte de S\u00e3o Pio de Pietrelcina?<\/b><\/p>\n<p>O\u00a0<b>primeiro mist\u00e9rio<\/b>, atrav\u00e9s de uma s\u00e9rie de testemunhos, alguns dos quais in\u00e9ditos, consegui reconstruir antes de tudo que Padre Pio conhecia o momento exato de sua morte.<\/p>\n<p>O\u00a0<b>segundo mist\u00e9rio<\/b>, no entanto, do qual n\u00e3o h\u00e1 vest\u00edgio de novidade, embora tenha sido publicado apenas na Positio do julgamento em um \u00fanico livro, diz respeito \u00e0 possibilidade de ter concedido a uma de suas filhas espirituais de testemunhar a sua morte, apesar de n\u00e3o estar fisicamente no convento, porque quando Padre Pio morreu, estava no seu claustro.<\/p>\n<p>O\u00a0<b>terceiro mist\u00e9rio<\/b>\u00a0diz respeito ao desaparecimento dos estigmas sem deixar cicatrizes, porque cada ferida &#8211; dizem os m\u00e9dicos &#8211; quando \u00e9 produzida, desencadeia automaticamente um processo de reconstru\u00e7\u00e3o com tecido cicatricial. Em vez disso, quando a inspe\u00e7\u00e3o foi realizada no corpo de Padre Pio ap\u00f3s sua morte, descobriu-se que seus estigmas &#8211; atestados em sua autenticidade por tr\u00eas m\u00e9dicos &#8211; haviam desaparecido, sem cicatrizes.<\/p>\n<p class=\"wg-text__source\"><strong>Fonte:<\/strong>\u00a0Vatican News.<\/p>\n","protected":false},"excerpt":{"rendered":"<p>Papa Francisco\u00a0neste s\u00e1bado (17), ir\u00e1 a\u00a0San Giovanni Rotondo\u00a0para rezar diante do corpo de\u00a0S\u00e3o\u00a0Padre Pio. Sua visita consistir\u00e1 em rezar pelo dom deste grande santo, mas tamb\u00e9m para encontrar-se com jovens, crian\u00e7as enfermas, colaboradores do hospital e religiosos. Para falar do\u00a0centen\u00e1rio dos estigmas de Padre Pio, um dos temas atuais nestes \u00faltimos dias, e dos tr\u00eas&nbsp;<\/p>\n<p><a class=\"btn btn-style\" href=\"http:\/\/portalcatolico.net\/portal\/os-tres-misterios-da-morte-de-padre-pio\/\">Continue Reading<\/a><\/p>\n","protected":false},"author":2,"featured_media":52667,"comment_status":"open","ping_status":"open","sticky":false,"template":"","format":"standard","meta":{"footnotes":""},"categories":[5],"tags":[],"class_list":["post-52666","post","type-post","status-publish","format-standard","has-post-thumbnail","hentry","category-igreja_no_mundo"],"_links":{"self":[{"href":"http:\/\/portalcatolico.net\/portal\/wp-json\/wp\/v2\/posts\/52666","targetHints":{"allow":["GET"]}}],"collection":[{"href":"http:\/\/portalcatolico.net\/portal\/wp-json\/wp\/v2\/posts"}],"about":[{"href":"http:\/\/portalcatolico.net\/portal\/wp-json\/wp\/v2\/types\/post"}],"author":[{"embeddable":true,"href":"http:\/\/portalcatolico.net\/portal\/wp-json\/wp\/v2\/users\/2"}],"replies":[{"embeddable":true,"href":"http:\/\/portalcatolico.net\/portal\/wp-json\/wp\/v2\/comments?post=52666"}],"version-history":[{"count":1,"href":"http:\/\/portalcatolico.net\/portal\/wp-json\/wp\/v2\/posts\/52666\/revisions"}],"predecessor-version":[{"id":52668,"href":"http:\/\/portalcatolico.net\/portal\/wp-json\/wp\/v2\/posts\/52666\/revisions\/52668"}],"wp:featuredmedia":[{"embeddable":true,"href":"http:\/\/portalcatolico.net\/portal\/wp-json\/wp\/v2\/media\/52667"}],"wp:attachment":[{"href":"http:\/\/portalcatolico.net\/portal\/wp-json\/wp\/v2\/media?parent=52666"}],"wp:term":[{"taxonomy":"category","embeddable":true,"href":"http:\/\/portalcatolico.net\/portal\/wp-json\/wp\/v2\/categories?post=52666"},{"taxonomy":"post_tag","embeddable":true,"href":"http:\/\/portalcatolico.net\/portal\/wp-json\/wp\/v2\/tags?post=52666"}],"curies":[{"name":"wp","href":"https:\/\/api.w.org\/{rel}","templated":true}]}}