{"id":52662,"date":"2018-03-17T18:28:52","date_gmt":"2018-03-17T21:28:52","guid":{"rendered":"http:\/\/portalcatolico.net\/portal\/?p=52662"},"modified":"2018-03-17T22:29:15","modified_gmt":"2018-03-18T01:29:15","slug":"encontro-nacional-reune-jornalistas-da-cnbb-em-brasilia","status":"publish","type":"post","link":"http:\/\/portalcatolico.net\/portal\/encontro-nacional-reune-jornalistas-da-cnbb-em-brasilia\/","title":{"rendered":"Encontro Nacional re\u00fane jornalistas da CNBB em Bras\u00edlia"},"content":{"rendered":"<p>Realiza-se entre os dias 16 e 18 de mar\u00e7o, na Casa de Retiros Assun\u00e7\u00e3o, na Asa Norte, em Bras\u00edlia (DF), uma nova edi\u00e7\u00e3o do Encontro Nacional dos Jornalistas da CNBB. Foram convidados profissionais que servem aos regionais da Confer\u00eancia e \u00e0s arquidioceses, al\u00e9m de dioceses que t\u00eam o trabalho de assessoria de imprensa realizado por jornalistas. O encontro ser\u00e1 assessorado pelo diretor da Ag\u00eancia Ecclesia, da Confer\u00eancia Espiscopal Portuguesa, o jornalista Paulo Rocha.<\/p>\n<p><strong>Caminho j\u00e1 percorrido<\/strong><\/p>\n<p>Padre Rafael Vieira, assessor de imprensa da CNBB, explica a raz\u00e3o da reuni\u00e3o: \u201c<em>Antes de tudo, \u00e9 preciso lembrar que n\u00e3o se est\u00e1 inventando coisa alguma. H\u00e1 um longo percurso feito pelas equipes que tiveram a responsabilidade de fazer a gest\u00e3o da Assessoria de Imprensa da CNBB em rela\u00e7\u00e3o a formata\u00e7\u00e3o de um texto de refer\u00eancia para ajudar os profissionais de comunica\u00e7\u00e3o que trabalham para a Igreja na elabora\u00e7\u00e3o de conte\u00fados. Por v\u00e1rios anos se teve como prop\u00f3sito a reda\u00e7\u00e3o de uma esp\u00e9cie de \u2018Manual de Reda\u00e7\u00e3o\u2019 como fazem os grandes ve\u00edculos de comunica\u00e7\u00e3o no Brasil. Depois, com a evolu\u00e7\u00e3o do modo de produzir conte\u00fado e da chegada das novas tecnologias, pensou-se em um trabalho mais abrangente. A equipe atual da Assessoria da sede da CNBB, ent\u00e3o, resolveu dar in\u00edcio a um processo de elabora\u00e7\u00e3o de um \u2018Guia de Comunica\u00e7\u00e3o Integrada<\/em>\u2018\u201d.<\/p>\n<p>Para isso, um texto de trabalho foi elaborado pelos integrantes da equipe. Em seguida, enviado aos presidentes dos regionais da CNBB e das arquidioceses do Brasil, al\u00e9m de algumas dioceses que t\u00eam o trabalho de assessoria prestado por jornalistas. Este material foi acompanhado por uma carta assinada por dom Leonardo Steiner na qual ele explica o prop\u00f3sito do texto e como se desenrolaria o processo: os respons\u00e1veis pelas assessorias teriam toda a liberdade de corrigir, acrescentar e suprimir at\u00e9 o dia 15 de fevereiro. Em seguida, o texto voltaria para ser recomposto e, por fim, durante o Encontro Nacional dos Jornalistas, a partir de um trabalho concentrado dos profissionais juntamente com uma assessoria especial seria deixado para a CNBB um material para a elabora\u00e7\u00e3o do Guia que ser\u00e1 oferecido aos regionais da confer\u00eancias, a todas as dioceses, organismos e a quem mais interessar para uma experi\u00eancia. \u00e0 medida que forem encontradas lacunas e devidamente preenchidas, o Guia ir\u00e1 se aperfei\u00e7oando em novas edi\u00e7\u00f5es.<\/p>\n<p>O assessor de imprensa ainda esclarece: \u201c<em>trata-se de uma iniciativa em sintonia com o esfor\u00e7o j\u00e1 feito por muitos colegas que trabalharam nesse setor da Confer\u00eancia dos bispos. Os jornalistas que estar\u00e3o reunidos em Bras\u00edlia, vindos de todo o pa\u00eds, continuar\u00e3o a contribuir para que se tenha um texto, um ponto de partida<\/em>\u201c. E pondera: \u201c<em>naturalmente, um \u2018guia\u2019 desta natureza precisa de tempo e reflex\u00e3o e pr\u00e1tica para ser amadurecido. E \u00e9 por isso, que insistimos em dizer que se come\u00e7ar o jogo, depois, com o desenrolar da partida, os profissionais ir\u00e3o perceber o que realmente precisa ser melhorado e que tipo de t\u00e1tica ser\u00e1 mais acertada para aperfei\u00e7oar o texto<\/em>\u201c.<\/p>\n<p><strong>Encontro de trabalho<\/strong><\/p>\n<div id=\"attachment_165983\" class=\"wp-caption alignright\">\n<p><a href=\"http:\/\/cnbb.net.br\/encontro-nacional-de-jornalistas-dos-regionais-da-cnbb-e-de-dioceses-se-reunem-em-brasilia\/vii_enc-jornalistas_mesa\/\"><img loading=\"lazy\" decoding=\"async\" class=\"size-medium wp-image-165983\" src=\"http:\/\/cnbb.net.br\/wp-content\/uploads\/sites\/32\/2018\/03\/VII_Enc-Jornalistas_Mesa-300x196.jpg\" srcset=\"http:\/\/cnbb.net.br\/wp-content\/uploads\/sites\/32\/2018\/03\/VII_Enc-Jornalistas_Mesa-300x196.jpg 300w, http:\/\/cnbb.net.br\/wp-content\/uploads\/sites\/32\/2018\/03\/VII_Enc-Jornalistas_Mesa.jpg 759w\" alt=\"\" width=\"300\" height=\"196\" \/><\/a><\/p>\n<p class=\"wp-caption-text\"><em>Foto: CNBB\/Luiz Lopes Jr. | No VII Encontro, Gerson Camarotti, padre Geraldo Martins e professor Luiz Martins, da UnB<\/em><\/p>\n<\/div>\n<p>Diferente das primeiras edi\u00e7\u00f5es do Encontro Nacional dos Jornalistas da CNBB, desta vez n\u00e3o se ter\u00e1 o objetivo de forma\u00e7\u00e3o expl\u00edcita para os jornalistas por meio de palestras e testemunhos. Em outras oportunidades, jornalistas como Cristiana Lobo e Gerson Camarotti, Sidney Rezende da Globonews, Heraldo Pereira, da Globo, al\u00e9m de especialistas da Universidade de Bras\u00edlia e da Universidade Cat\u00f3lica de Bras\u00edlia estiveram presentes e ajudaram os jornalistas que trabalham com a Igreja a ampliar seus horizontes. \u201c<em>Desta vez, a forma\u00e7\u00e3o ser\u00e1 indireta<\/em>\u201c, diz padre Rafael. \u201c<em>Os jornalistas ir\u00e3o trabalhar juntos para dar corpo a um texto que ser\u00e1 \u00fatil para todos. Receber\u00e3o orienta\u00e7\u00e3o de um assessor experiente na produ\u00e7\u00e3o de conte\u00fado<\/em>\u201c, pondera.<\/p>\n<p>Os tr\u00eas dias do encontro, de sexta a domingo, ser\u00e3o plenos de atividades de trabalho. \u201c<em>O tempo \u00e9 curto e a tarefa \u00e9 extensa\u201d, lembra o assessor. \u201cVamos trabalhar na sexta-feira a partir da exposi\u00e7\u00e3o do assessor. No s\u00e1bado e no domingo, ainda com a ajuda do assessor, teremos v\u00e1rias sess\u00f5es de trabalho com grupos que v\u00e3o trabalhar cap\u00edtulos em separado, uma vez que o texto integral \u00e9 conhecido de todos os participantes<\/em>\u201c. No domingo, na \u00faltima sess\u00e3o de trabalho, a equipe da Assessoria de Imprensa da CNBB receber\u00e1 um novo material para encaminhar para as necess\u00e1rias finaliza\u00e7\u00f5es e posterior publica\u00e7\u00e3o.<\/p>\n<p><strong>Assessoria de Imprensa<\/strong><\/p>\n<p>A atual equipe de assessoria da CNBB, em Bras\u00edlia, \u00e9 composta por cinco jornalistas e um especialista em audiovisual: Luiz Lopes, Larissa Carvalho, Bruno Feitosa, Matheus Oliveira, Willian Bonfim e padre Rafael Vieira. Esses profissionais realizam o trabalho de comunica\u00e7\u00e3o integrada da Confer\u00eancia em v\u00e1rias frentes: cobre os principais eventos e da Presid\u00eancia e dos dois conselhos da CNBB, o de Pastoral e o Permanente; cobre as atividades das comiss\u00f5es episcopais; produz conte\u00fados exclusivos para as redes sociais e tamb\u00e9m oferece material para as redes de TV de inspira\u00e7\u00e3o cat\u00f3lica; produz uma revista para as Edi\u00e7\u00f5es CNBB; Produz um \u201cHouse Organ\u201d para a sede da Confer\u00eancia; registra e remete \u00e0 leitura nos sites as principais not\u00edcias dos 18 regionais e dos organismos vinculados; atualiza a publica\u00e7\u00e3o de artigos produzidos pelos bispos em todo o Brasil e faz um trabalho \u00e1rduo, intenso e di\u00e1rio de acolher as demandas dos jornalistas interessados nos posicionamentos da CNBB.<\/p>\n<p>Al\u00e9m dessa lista de tarefas, a equipe tamb\u00e9m procura acompanhar a repercuss\u00e3o do material publicado nas redes sociais, e as rea\u00e7\u00f5es dos leitores do Portal oficial da Confer\u00eancia que chegam por e-mails dirigidos \u00e0 Assessoria de Imprensa. \u201c<em>Considero que temos um grupo de grandes profissionais. Al\u00e9m do talento e da capacita\u00e7\u00e3o para fazer o que fazem, \u00e9 um grupo dedicado \u00e0 CNBB<\/em>\u201c, diz padre Rafael. \u201c<em>\u00c9 este grupo que se mobilizou nos \u00faltimos meses para deixar tudo preparado para que, durante o encontro, os jornalistas que servem \u00e0 Igreja possam assumir o protagonismo e nos deixar uma boa ferramenta para o nosso trabalho<\/em>\u201c, conclui.(CNBB)<\/p>\n","protected":false},"excerpt":{"rendered":"<p>Realiza-se entre os dias 16 e 18 de mar\u00e7o, na Casa de Retiros Assun\u00e7\u00e3o, na Asa Norte, em Bras\u00edlia (DF), uma nova edi\u00e7\u00e3o do Encontro Nacional dos Jornalistas da CNBB. Foram convidados profissionais que servem aos regionais da Confer\u00eancia e \u00e0s arquidioceses, al\u00e9m de dioceses que t\u00eam o trabalho de assessoria de imprensa realizado por&nbsp;<\/p>\n<p><a class=\"btn btn-style\" href=\"http:\/\/portalcatolico.net\/portal\/encontro-nacional-reune-jornalistas-da-cnbb-em-brasilia\/\">Continue Reading<\/a><\/p>\n","protected":false},"author":2,"featured_media":52663,"comment_status":"open","ping_status":"open","sticky":false,"template":"","format":"standard","meta":{"footnotes":""},"categories":[3],"tags":[],"class_list":["post-52662","post","type-post","status-publish","format-standard","has-post-thumbnail","hentry","category-noticias_regionais"],"_links":{"self":[{"href":"http:\/\/portalcatolico.net\/portal\/wp-json\/wp\/v2\/posts\/52662","targetHints":{"allow":["GET"]}}],"collection":[{"href":"http:\/\/portalcatolico.net\/portal\/wp-json\/wp\/v2\/posts"}],"about":[{"href":"http:\/\/portalcatolico.net\/portal\/wp-json\/wp\/v2\/types\/post"}],"author":[{"embeddable":true,"href":"http:\/\/portalcatolico.net\/portal\/wp-json\/wp\/v2\/users\/2"}],"replies":[{"embeddable":true,"href":"http:\/\/portalcatolico.net\/portal\/wp-json\/wp\/v2\/comments?post=52662"}],"version-history":[{"count":2,"href":"http:\/\/portalcatolico.net\/portal\/wp-json\/wp\/v2\/posts\/52662\/revisions"}],"predecessor-version":[{"id":52665,"href":"http:\/\/portalcatolico.net\/portal\/wp-json\/wp\/v2\/posts\/52662\/revisions\/52665"}],"wp:featuredmedia":[{"embeddable":true,"href":"http:\/\/portalcatolico.net\/portal\/wp-json\/wp\/v2\/media\/52663"}],"wp:attachment":[{"href":"http:\/\/portalcatolico.net\/portal\/wp-json\/wp\/v2\/media?parent=52662"}],"wp:term":[{"taxonomy":"category","embeddable":true,"href":"http:\/\/portalcatolico.net\/portal\/wp-json\/wp\/v2\/categories?post=52662"},{"taxonomy":"post_tag","embeddable":true,"href":"http:\/\/portalcatolico.net\/portal\/wp-json\/wp\/v2\/tags?post=52662"}],"curies":[{"name":"wp","href":"https:\/\/api.w.org\/{rel}","templated":true}]}}