{"id":52659,"date":"2018-03-17T22:00:19","date_gmt":"2018-03-18T01:00:19","guid":{"rendered":"http:\/\/portalcatolico.net\/portal\/?p=52659"},"modified":"2018-03-17T22:00:19","modified_gmt":"2018-03-18T01:00:19","slug":"celebracoes-marcam-o-novenario-de-sao-jose","status":"publish","type":"post","link":"http:\/\/portalcatolico.net\/portal\/celebracoes-marcam-o-novenario-de-sao-jose\/","title":{"rendered":"Celebra\u00e7\u00f5es marcam o Noven\u00e1rio de S\u00e3o Jos\u00e9"},"content":{"rendered":"<p class=\"m_3857793891003766581xmsonormal\"><em>O Noven\u00e1rio e Festa em prepara\u00e7\u00e3o\u00a0\u00a0ao padroeiro da Catedral, da cidade e da Diocese de Itabuna, no sul da Bahia continua \u00e0 todo vapor! Est\u00e3o acontecendo missas todas as noites, desde o dia 10.<u><\/u><u><\/u><\/em><\/p>\n<p class=\"m_3857793891003766581xmsonormal\"><em>O tema central da festa de S\u00e3o Jos\u00e9 este ano \u00e9 \u201cCrist\u00e3os leigos\u00a0e leigas na Igreja e na sociedade. Sal da Terra e luz do mundo.\u201d(MT.5,13-14).<u><\/u><u><\/u><\/em><\/p>\n<p class=\"m_3857793891003766581xmsonormal\"><em>As celebra\u00e7\u00f5es est\u00e3o sendo realizadas na Catedral de S\u00e3o Jos\u00e9, no centro de Itabuna. At\u00e9 o dia 18 de mar\u00e7o, os fieis e devotos participam do noven\u00e1rio, sempre com in\u00edcio \u00e0s 18h. J\u00e1 no dia festivo (19), a programa\u00e7\u00e3o \u00e9 especial!<u><\/u><u><\/u><\/em><\/p>\n<p class=\"m_3857793891003766581xmsonormal\"><em>As homenagens ao pai adotivo de Jesus, ter\u00e1 in\u00edcio \u00e0s 5h30, com a alvorada e a recita\u00e7\u00e3o do Of\u00edcio de S\u00e3o Jos\u00e9.\u00a0\u00a0A programa\u00e7\u00e3o segue ao longo do dia com missas em variados hor\u00e1rios: \u00e0s 7h; \u00e0s 10h, com presid\u00eancia do bispo diocesano Dom Carlos Alberto dos Santos; \u00e0s 14h com a Missa de Romaria e B\u00ean\u00e7\u00e3o dos Objetos, e \u00e0s 16h com a tradicional Prociss\u00e3o com a Imagem de S\u00e3o Jos\u00e9, pelas principais ruas e avenidas no centro da cidade. O encerramento vai ser com a B\u00ean\u00e7\u00e3o do Sant\u00edssimo Sacramento.<u><\/u><u><\/u><\/em><\/p>\n<p class=\"m_3857793891003766581xmsonormal\"><em>O Padre Gilvan Oliveira\u00a0Sousa, novo p\u00e1roco da Catedral Diocesana de S\u00e3o Jos\u00e9, estar\u00e1 presente em todas as celebra\u00e7\u00f5es.<u><\/u><u><\/u><\/em><\/p>\n<p class=\"m_3857793891003766581xmsonormal\"><em>Vale ressaltar que a Diocese de\u00a0Itabuna\u00a0tem mais duas par\u00f3quias que\u00a0est\u00e3o\u00a0em\u00a0prepara\u00e7\u00e3o\u00a0para festejar\u00a0S\u00e3o\u00a0Jos\u00e9: uma em Una e outra em S\u00e3o Jos\u00e9 da Vit\u00f3ria. E a Diocese\u00a0de Ilh\u00e9us,\u00a0tem tr\u00eas par\u00f3quias: em Gandu, Ibirataia e Nova Ibi\u00e1.<u><\/u><u><\/u><\/em><\/p>\n<p class=\"m_3857793891003766581xmsonormal\"><em>Participe tamb\u00e9m dessa grande festa em homenagem ao glorioso S\u00e3o Jos\u00e9!<\/em><\/p>\n<p class=\"m_3857793891003766581xmsonormal\">Por:Reda\u00e7\u00e3o Portal Cat\u00f3lico<\/p>\n","protected":false},"excerpt":{"rendered":"<p>O Noven\u00e1rio e Festa em prepara\u00e7\u00e3o\u00a0\u00a0ao padroeiro da Catedral, da cidade e da Diocese de Itabuna, no sul da Bahia continua \u00e0 todo vapor! Est\u00e3o acontecendo missas todas as noites, desde o dia 10. O tema central da festa de S\u00e3o Jos\u00e9 este ano \u00e9 \u201cCrist\u00e3os leigos\u00a0e leigas na Igreja e na sociedade. Sal da&nbsp;<\/p>\n<p><a class=\"btn btn-style\" href=\"http:\/\/portalcatolico.net\/portal\/celebracoes-marcam-o-novenario-de-sao-jose\/\">Continue Reading<\/a><\/p>\n","protected":false},"author":2,"featured_media":52660,"comment_status":"open","ping_status":"open","sticky":false,"template":"","format":"standard","meta":{"footnotes":""},"categories":[4],"tags":[],"class_list":["post-52659","post","type-post","status-publish","format-standard","has-post-thumbnail","hentry","category-destaques"],"_links":{"self":[{"href":"http:\/\/portalcatolico.net\/portal\/wp-json\/wp\/v2\/posts\/52659","targetHints":{"allow":["GET"]}}],"collection":[{"href":"http:\/\/portalcatolico.net\/portal\/wp-json\/wp\/v2\/posts"}],"about":[{"href":"http:\/\/portalcatolico.net\/portal\/wp-json\/wp\/v2\/types\/post"}],"author":[{"embeddable":true,"href":"http:\/\/portalcatolico.net\/portal\/wp-json\/wp\/v2\/users\/2"}],"replies":[{"embeddable":true,"href":"http:\/\/portalcatolico.net\/portal\/wp-json\/wp\/v2\/comments?post=52659"}],"version-history":[{"count":1,"href":"http:\/\/portalcatolico.net\/portal\/wp-json\/wp\/v2\/posts\/52659\/revisions"}],"predecessor-version":[{"id":52661,"href":"http:\/\/portalcatolico.net\/portal\/wp-json\/wp\/v2\/posts\/52659\/revisions\/52661"}],"wp:featuredmedia":[{"embeddable":true,"href":"http:\/\/portalcatolico.net\/portal\/wp-json\/wp\/v2\/media\/52660"}],"wp:attachment":[{"href":"http:\/\/portalcatolico.net\/portal\/wp-json\/wp\/v2\/media?parent=52659"}],"wp:term":[{"taxonomy":"category","embeddable":true,"href":"http:\/\/portalcatolico.net\/portal\/wp-json\/wp\/v2\/categories?post=52659"},{"taxonomy":"post_tag","embeddable":true,"href":"http:\/\/portalcatolico.net\/portal\/wp-json\/wp\/v2\/tags?post=52659"}],"curies":[{"name":"wp","href":"https:\/\/api.w.org\/{rel}","templated":true}]}}