{"id":52650,"date":"2018-03-17T11:27:03","date_gmt":"2018-03-17T14:27:03","guid":{"rendered":"http:\/\/portalcatolico.net\/portal\/?p=52650"},"modified":"2018-03-17T11:33:01","modified_gmt":"2018-03-17T14:33:01","slug":"una-novena-e-festa-de-sao-jose","status":"publish","type":"post","link":"http:\/\/portalcatolico.net\/portal\/una-novena-e-festa-de-sao-jose\/","title":{"rendered":"Una-Novena e Festa de S\u00e3o Jos\u00e9"},"content":{"rendered":"<p style=\"font-weight: 400;\">A s\u00e9tima noite do Noven\u00e1rio em prepara\u00e7\u00e3o a Festa de S\u00e3o Jos\u00e9 (19.03) teve com o tema\u00a0<strong>Uma Espiritualidade Encarnada<\/strong>. A Celebra\u00e7\u00e3o Eucar\u00edstica foi presidida pelo Padre Adriano Fernandes da Par\u00f3quia Nossa Senhora da Concei\u00e7\u00e3o, situada no Bairro Concei\u00e7\u00e3o na cidade de Itabuna\/BA e concelebrada pelo Padre Nerivaldo Azevedo.<\/p>\n<p style=\"font-weight: 400;\">Os homenageados da noite foram os Namorados, Noivos e Casados, al\u00e9m da Pastoral Fam\u00edlia e o os integrantes do ECC, na qual receberam uma b\u00ean\u00e7\u00e3o especial.<\/p>\n<p style=\"font-weight: 400;\">Ap\u00f3s a Celebra\u00e7\u00e3o Eucar\u00edstica a Comunidade participou da Quermesse com os tradicionais bolos, tortas e diversas comidas al\u00e9m de um agrad\u00e1vel ambiente familiar acompanhado de uma boa m\u00fasica.<\/p>\n<p style=\"font-weight: 400;\">Foto e texto:Par\u00f3quia de S\u00e3o Jos\u00e9 em Una<\/p>\n<p style=\"font-weight: 400;\"><img loading=\"lazy\" decoding=\"async\" class=\"alignnone size-medium wp-image-52654\" src=\"http:\/\/portalcatolico.net\/portal\/wp-content\/uploads\/2018\/03\/17-300x168.jpg\" alt=\"17\" width=\"300\" height=\"168\" srcset=\"http:\/\/portalcatolico.net\/portal\/wp-content\/uploads\/2018\/03\/17-300x168.jpg 300w, http:\/\/portalcatolico.net\/portal\/wp-content\/uploads\/2018\/03\/17-768x431.jpg 768w, http:\/\/portalcatolico.net\/portal\/wp-content\/uploads\/2018\/03\/17-1024x575.jpg 1024w, http:\/\/portalcatolico.net\/portal\/wp-content\/uploads\/2018\/03\/17.jpg 1040w\" sizes=\"auto, (max-width: 300px) 100vw, 300px\" \/> <img loading=\"lazy\" decoding=\"async\" class=\"alignnone size-medium wp-image-52653\" src=\"http:\/\/portalcatolico.net\/portal\/wp-content\/uploads\/2018\/03\/15-300x168.jpg\" alt=\"15\" width=\"300\" height=\"168\" srcset=\"http:\/\/portalcatolico.net\/portal\/wp-content\/uploads\/2018\/03\/15-300x168.jpg 300w, http:\/\/portalcatolico.net\/portal\/wp-content\/uploads\/2018\/03\/15-768x431.jpg 768w, http:\/\/portalcatolico.net\/portal\/wp-content\/uploads\/2018\/03\/15-1024x575.jpg 1024w, http:\/\/portalcatolico.net\/portal\/wp-content\/uploads\/2018\/03\/15.jpg 1040w\" sizes=\"auto, (max-width: 300px) 100vw, 300px\" \/><\/p>\n<p style=\"font-weight: 400;\"><strong>CLIQUE AQUI E CONFIRA A PROGRAMA\u00c7\u00c3O<\/strong>:\u00a0<a href=\"http:\/\/portalcatolico.net\/portal\/wp-content\/uploads\/2018\/03\/FOLDER-1-1.pdf\">FOLDER (1)<\/a><\/p>\n<p style=\"font-weight: 400;\">\n","protected":false},"excerpt":{"rendered":"<p>A s\u00e9tima noite do Noven\u00e1rio em prepara\u00e7\u00e3o a Festa de S\u00e3o Jos\u00e9 (19.03) teve com o tema\u00a0Uma Espiritualidade Encarnada. A Celebra\u00e7\u00e3o Eucar\u00edstica foi presidida pelo Padre Adriano Fernandes da Par\u00f3quia Nossa Senhora da Concei\u00e7\u00e3o, situada no Bairro Concei\u00e7\u00e3o na cidade de Itabuna\/BA e concelebrada pelo Padre Nerivaldo Azevedo. Os homenageados da noite foram os Namorados,&nbsp;<\/p>\n<p><a class=\"btn btn-style\" href=\"http:\/\/portalcatolico.net\/portal\/una-novena-e-festa-de-sao-jose\/\">Continue Reading<\/a><\/p>\n","protected":false},"author":2,"featured_media":52651,"comment_status":"open","ping_status":"open","sticky":false,"template":"","format":"standard","meta":{"footnotes":""},"categories":[1],"tags":[],"class_list":["post-52650","post","type-post","status-publish","format-standard","has-post-thumbnail","hentry","category-agenda"],"_links":{"self":[{"href":"http:\/\/portalcatolico.net\/portal\/wp-json\/wp\/v2\/posts\/52650","targetHints":{"allow":["GET"]}}],"collection":[{"href":"http:\/\/portalcatolico.net\/portal\/wp-json\/wp\/v2\/posts"}],"about":[{"href":"http:\/\/portalcatolico.net\/portal\/wp-json\/wp\/v2\/types\/post"}],"author":[{"embeddable":true,"href":"http:\/\/portalcatolico.net\/portal\/wp-json\/wp\/v2\/users\/2"}],"replies":[{"embeddable":true,"href":"http:\/\/portalcatolico.net\/portal\/wp-json\/wp\/v2\/comments?post=52650"}],"version-history":[{"count":4,"href":"http:\/\/portalcatolico.net\/portal\/wp-json\/wp\/v2\/posts\/52650\/revisions"}],"predecessor-version":[{"id":52658,"href":"http:\/\/portalcatolico.net\/portal\/wp-json\/wp\/v2\/posts\/52650\/revisions\/52658"}],"wp:featuredmedia":[{"embeddable":true,"href":"http:\/\/portalcatolico.net\/portal\/wp-json\/wp\/v2\/media\/52651"}],"wp:attachment":[{"href":"http:\/\/portalcatolico.net\/portal\/wp-json\/wp\/v2\/media?parent=52650"}],"wp:term":[{"taxonomy":"category","embeddable":true,"href":"http:\/\/portalcatolico.net\/portal\/wp-json\/wp\/v2\/categories?post=52650"},{"taxonomy":"post_tag","embeddable":true,"href":"http:\/\/portalcatolico.net\/portal\/wp-json\/wp\/v2\/tags?post=52650"}],"curies":[{"name":"wp","href":"https:\/\/api.w.org\/{rel}","templated":true}]}}