{"id":52647,"date":"2018-03-17T08:11:20","date_gmt":"2018-03-17T11:11:20","guid":{"rendered":"http:\/\/portalcatolico.net\/portal\/?p=52647"},"modified":"2018-03-17T08:11:20","modified_gmt":"2018-03-17T11:11:20","slug":"igreja-de-curitiba-e-homenageada-pela-realizacao-do-corpus-christi-2018","status":"publish","type":"post","link":"http:\/\/portalcatolico.net\/portal\/igreja-de-curitiba-e-homenageada-pela-realizacao-do-corpus-christi-2018\/","title":{"rendered":"Igreja de Curitiba \u00e9 homenageada pela realiza\u00e7\u00e3o do Corpus Christi 2018."},"content":{"rendered":"<p>A Assembleia Legislativa do Paran\u00e1 realizar\u00e1 no pr\u00f3ximo dia 17 de maio uma sess\u00e3o solene para homenagear a celebra\u00e7\u00e3o do Corpus Christi 2018 promovida pela Arquidiocese de Curitiba.<\/p>\n<p>Neste ano, o Corpus Christi ser\u00e1 em 31 de maio e, conforme a pr\u00f3pria Arquidiocese, est\u00e1 sendo planejado para ser uma das maiores demonstra\u00e7\u00f5es p\u00fablicas da f\u00e9 cat\u00f3lica j\u00e1 realizadas no munic\u00edpio.<\/p>\n<p>As diversas for\u00e7as arquidiocesanas, entre elas as coordena\u00e7\u00f5es e setores pastorais, par\u00f3quias e comunidades, t\u00eam se envolvido no planejamento de novas a\u00e7\u00f5es a fim de produzir um melhor servi\u00e7o de evangeliza\u00e7\u00e3o ao celebrar o mist\u00e9rio da Eucaristia &#8211; o sacramento do Corpo e do Sangue de Jesus Cristo.<\/p>\n<p>O Corpus Christi 2018 ter\u00e1 a realiza\u00e7\u00e3o de apresenta\u00e7\u00f5es culturais e demais atrativos para as fam\u00edlias. A programa\u00e7\u00e3o ter\u00e1 in\u00edcio no dia anterior, 30 de maio, com uma vig\u00edlia campal.<\/p>\n<p>Enquanto os tapetes da solenidade ter\u00e3o uma extens\u00e3o maior, a cerim\u00f4nia ser\u00e1 preparada para acolher um numeroso p\u00fablico. A expectativa da organiza\u00e7\u00e3o \u00e9 atrair uma quantidade maior de fi\u00e9is. Em 2017, reuniram-se cerca de 90 mil pessoas. (LMI)<\/p>\n<p>Com informa\u00e7\u00f5es da Arquidiocese de Curitiba e Gaudiumpress<\/p>\n<p>&nbsp;<\/p>\n","protected":false},"excerpt":{"rendered":"<p>A Assembleia Legislativa do Paran\u00e1 realizar\u00e1 no pr\u00f3ximo dia 17 de maio uma sess\u00e3o solene para homenagear a celebra\u00e7\u00e3o do Corpus Christi 2018 promovida pela Arquidiocese de Curitiba. Neste ano, o Corpus Christi ser\u00e1 em 31 de maio e, conforme a pr\u00f3pria Arquidiocese, est\u00e1 sendo planejado para ser uma das maiores demonstra\u00e7\u00f5es p\u00fablicas da f\u00e9&nbsp;<\/p>\n<p><a class=\"btn btn-style\" href=\"http:\/\/portalcatolico.net\/portal\/igreja-de-curitiba-e-homenageada-pela-realizacao-do-corpus-christi-2018\/\">Continue Reading<\/a><\/p>\n","protected":false},"author":2,"featured_media":52648,"comment_status":"open","ping_status":"open","sticky":false,"template":"","format":"standard","meta":{"footnotes":""},"categories":[3],"tags":[],"class_list":["post-52647","post","type-post","status-publish","format-standard","has-post-thumbnail","hentry","category-noticias_regionais"],"_links":{"self":[{"href":"http:\/\/portalcatolico.net\/portal\/wp-json\/wp\/v2\/posts\/52647","targetHints":{"allow":["GET"]}}],"collection":[{"href":"http:\/\/portalcatolico.net\/portal\/wp-json\/wp\/v2\/posts"}],"about":[{"href":"http:\/\/portalcatolico.net\/portal\/wp-json\/wp\/v2\/types\/post"}],"author":[{"embeddable":true,"href":"http:\/\/portalcatolico.net\/portal\/wp-json\/wp\/v2\/users\/2"}],"replies":[{"embeddable":true,"href":"http:\/\/portalcatolico.net\/portal\/wp-json\/wp\/v2\/comments?post=52647"}],"version-history":[{"count":1,"href":"http:\/\/portalcatolico.net\/portal\/wp-json\/wp\/v2\/posts\/52647\/revisions"}],"predecessor-version":[{"id":52649,"href":"http:\/\/portalcatolico.net\/portal\/wp-json\/wp\/v2\/posts\/52647\/revisions\/52649"}],"wp:featuredmedia":[{"embeddable":true,"href":"http:\/\/portalcatolico.net\/portal\/wp-json\/wp\/v2\/media\/52648"}],"wp:attachment":[{"href":"http:\/\/portalcatolico.net\/portal\/wp-json\/wp\/v2\/media?parent=52647"}],"wp:term":[{"taxonomy":"category","embeddable":true,"href":"http:\/\/portalcatolico.net\/portal\/wp-json\/wp\/v2\/categories?post=52647"},{"taxonomy":"post_tag","embeddable":true,"href":"http:\/\/portalcatolico.net\/portal\/wp-json\/wp\/v2\/tags?post=52647"}],"curies":[{"name":"wp","href":"https:\/\/api.w.org\/{rel}","templated":true}]}}