{"id":52643,"date":"2018-03-17T08:02:48","date_gmt":"2018-03-17T11:02:48","guid":{"rendered":"http:\/\/portalcatolico.net\/portal\/?p=52643"},"modified":"2018-03-17T08:02:48","modified_gmt":"2018-03-17T11:02:48","slug":"papa-em-pietrelcina-padre-pio-filho-do-amor-materno-da-igreja","status":"publish","type":"post","link":"http:\/\/portalcatolico.net\/portal\/papa-em-pietrelcina-padre-pio-filho-do-amor-materno-da-igreja\/","title":{"rendered":"Papa em Pietrelcina: Padre Pio, filho do amor materno da Igreja"},"content":{"rendered":"<div class=\"article__subTitle\">Em seu discurso aos fi\u00e9is de Piana Romana, em Pietrelcina, o Papa expressou sua alegria de poder visitar o lugar onde Francisco Forgione, &#8211; hoje S\u00e3o Padre Pio, &#8211; nasceu e iniciou sua longa e fecunda a\u00e7\u00e3o humana e espiritual.<\/div>\n<div class=\"title__separator\"><\/div>\n<div class=\"article__text\">\n<p>O Papa Francisco deixou o Vaticano, na manh\u00e3 deste s\u00e1bado (17\/03), para a visita pastoral \u00e0s cidades de Pietrelcina e San Giovanni Rotondo, no centen\u00e1rio da apari\u00e7\u00e3o dos estigmas de Pe. Pio e no 50\u00ba anivers\u00e1rio de sua morte.<\/p>\n<p>Em seu discurso aos fi\u00e9is de Piana Romana, em Pietrelcina, o Papa expressou sua alegria de poder visitar o lugar onde Francisco Forgione, &#8211; hoje S\u00e3o Padre Pio, &#8211; nasceu e iniciou sua longa e fecunda a\u00e7\u00e3o humana e espiritual. Ao cumprimentar seus concidad\u00e3os, disse:<\/p>\n<p>\u201c<i>Nesta comunidade, ele fortaleceu a sua humanidade, aprendeu a rezar e a reconhecer nos pobres o rosto do Senhor, que o levou abra\u00e7ar a sequela de Cristo. Assim, pediu para fazer parte da comunidade dos Frades Menores Capuchinhos, onde se tornou Frei Pio de Pietrelcina. Ali, come\u00e7ou a experimentar a maternidade da Igreja, da qual foi sempre um filho devoto; meditou com intensidade o mist\u00e9rio de Deus\u201d.<\/i><\/p>\n<p>Naquela localidade, &#8211; sua cidade natal, &#8211; Padre Pio permaneceu por motivo de sa\u00fade. Mas, n\u00e3o foi um per\u00edodo f\u00e1cil, pelo contr\u00e1rio, passou por todo tipo de tribula\u00e7\u00e3o e tenta\u00e7\u00e3o. Por\u00e9m, aquelas terr\u00edveis prova\u00e7\u00f5es tornaram-se linfa vital para uma ora\u00e7\u00e3o cont\u00ednua, com base em uma crescente confian\u00e7a no Senhor, do qual se sentia interiormente atra\u00eddo. E Francisco acrescentou:<\/p>\n<p>\u201c<i>Desta forma, Padre Pio imergiu na ora\u00e7\u00e3o para aderir, sempre mais aos des\u00edgnios divinos. Por meio da celebra\u00e7\u00e3o da Santa Missa, &#8211; que era o cora\u00e7\u00e3o do seu dia e a plenitude da sua espiritualidade, &#8211; atingiu um elevado n\u00edvel de uni\u00e3o com Deus, do qual recebeu dons m\u00edsticos especiais, que precederam os sinais da Paix\u00e3o de Cristo em sua carne\u201d.<\/i><\/p>\n<p>Ao t\u00e9rmino do seu discurso aos fi\u00e9is de Pietrelcina, que deram \u00e0 Igreja uma das figuras mais belas e luminosas da sua comunidade, o Santo Padre recordou que este humilde Frade capuchinho surpreendeu o mundo com a sua vida, toda dedicada \u00e0 ora\u00e7\u00e3o e \u00e0 escuta paciente dos irm\u00e3os, sobre cujos sofrimentos derramou o b\u00e1lsamo da caridade de Cristo. E exortou:<\/p>\n<p>\u201c<i>Ao imitar seu heroico exemplo e as suas virtudes, voc\u00eas\u00a0 tamb\u00e9m podem ser instrumentos do amor de Jesus entre os mais necessitados. Levando em considera\u00e7\u00e3o a sua fidelidade \u00e0 Igreja, podem dar testemunho de comunh\u00e3o, porque somente ela edifica e constr\u00f3i. Fa\u00e7o votos de que\u00a0 possam extrair uma nova linfa dos ensinamentos de vida do Padre Pio, sobretudo neste momento de crise geral. Que jamais faltem aten\u00e7\u00e3o e ternura com os jovens e idosos desta comunidade\u201d.<\/i><\/p>\n<p>O Papa se despediu dos fi\u00e9is de Pietrelcina, animando-os a guardar, como um tesouro precioso, o testemunho crist\u00e3o e sacerdotal de S\u00e3o Pio, que contribui para viver a plenitude da vida crist\u00e3.(Vatican News)<\/p>\n<\/div>\n","protected":false},"excerpt":{"rendered":"<p>Em seu discurso aos fi\u00e9is de Piana Romana, em Pietrelcina, o Papa expressou sua alegria de poder visitar o lugar onde Francisco Forgione, &#8211; hoje S\u00e3o Padre Pio, &#8211; nasceu e iniciou sua longa e fecunda a\u00e7\u00e3o humana e espiritual. O Papa Francisco deixou o Vaticano, na manh\u00e3 deste s\u00e1bado (17\/03), para a visita pastoral&nbsp;<\/p>\n<p><a class=\"btn btn-style\" href=\"http:\/\/portalcatolico.net\/portal\/papa-em-pietrelcina-padre-pio-filho-do-amor-materno-da-igreja\/\">Continue Reading<\/a><\/p>\n","protected":false},"author":2,"featured_media":52644,"comment_status":"open","ping_status":"open","sticky":false,"template":"","format":"standard","meta":{"footnotes":""},"categories":[5],"tags":[],"class_list":["post-52643","post","type-post","status-publish","format-standard","has-post-thumbnail","hentry","category-igreja_no_mundo"],"_links":{"self":[{"href":"http:\/\/portalcatolico.net\/portal\/wp-json\/wp\/v2\/posts\/52643","targetHints":{"allow":["GET"]}}],"collection":[{"href":"http:\/\/portalcatolico.net\/portal\/wp-json\/wp\/v2\/posts"}],"about":[{"href":"http:\/\/portalcatolico.net\/portal\/wp-json\/wp\/v2\/types\/post"}],"author":[{"embeddable":true,"href":"http:\/\/portalcatolico.net\/portal\/wp-json\/wp\/v2\/users\/2"}],"replies":[{"embeddable":true,"href":"http:\/\/portalcatolico.net\/portal\/wp-json\/wp\/v2\/comments?post=52643"}],"version-history":[{"count":1,"href":"http:\/\/portalcatolico.net\/portal\/wp-json\/wp\/v2\/posts\/52643\/revisions"}],"predecessor-version":[{"id":52645,"href":"http:\/\/portalcatolico.net\/portal\/wp-json\/wp\/v2\/posts\/52643\/revisions\/52645"}],"wp:featuredmedia":[{"embeddable":true,"href":"http:\/\/portalcatolico.net\/portal\/wp-json\/wp\/v2\/media\/52644"}],"wp:attachment":[{"href":"http:\/\/portalcatolico.net\/portal\/wp-json\/wp\/v2\/media?parent=52643"}],"wp:term":[{"taxonomy":"category","embeddable":true,"href":"http:\/\/portalcatolico.net\/portal\/wp-json\/wp\/v2\/categories?post=52643"},{"taxonomy":"post_tag","embeddable":true,"href":"http:\/\/portalcatolico.net\/portal\/wp-json\/wp\/v2\/tags?post=52643"}],"curies":[{"name":"wp","href":"https:\/\/api.w.org\/{rel}","templated":true}]}}