{"id":52640,"date":"2018-04-06T04:22:51","date_gmt":"2018-04-06T07:22:51","guid":{"rendered":"http:\/\/portalcatolico.net\/portal\/?p=52640"},"modified":"2018-04-05T21:28:58","modified_gmt":"2018-04-06T00:28:58","slug":"o-edf-esta-com-as-inscricoes-abertas","status":"publish","type":"post","link":"http:\/\/portalcatolico.net\/portal\/o-edf-esta-com-as-inscricoes-abertas\/","title":{"rendered":"O EDF est\u00e1 com as inscri\u00e7\u00f5es abertas!"},"content":{"rendered":"<p><em>A Renova\u00e7\u00e3o\u00a0Carism\u00e1tica Cat\u00f3lica da Diocese de Itabuna\u00a0<\/em><em>,no sul da Bahia, realizar\u00e1<\/em><em>\u00a0nos dia 20, 21 e 22 de abril, o Encontro Diocesano de Forma\u00e7\u00e3o<\/em><em>\u00a0(EDF)<\/em><em>\u00a0para coordenadores e minist\u00e9rios.<\/em><\/p>\n<p><em>O\u00a0\u00a0Encontro ser\u00e1 realizado na Terceira Via Hall. O espa\u00e7o de eventos\u00a0<\/em><em>fica localizado\u00a0na A<\/em><em>v<\/em><em>enida Jos\u00e9<\/em><em>\u00a0Soares Pinheiro<\/em><em>,1718,<\/em><em>\u00a0no bairro Lomanto em Itabuna .<\/em><\/p>\n<p style=\"font-weight: 400;\"><em>Para\u00a0<\/em><em>outras informa\u00e7\u00f5es sobre o evento, procure o coordenador do seu grupo de ora\u00e7\u00e3o em sua par\u00f3quia de origem.<\/em><\/p>\n<p style=\"font-weight: 400;\"><em>Segundo o coordenador do EDF, Alexsandro Nonato , as inscri\u00e7\u00f5es ser\u00e3o online e o pagamento\u00a0\u00a0poder\u00e1s ser feito por dep\u00f3sito banc\u00e1rio.<\/em><\/p>\n<p style=\"font-weight: 400;\"><em>Independente da forma de pagamento, ser\u00e1 necess\u00e1rio a inscri\u00e7\u00e3o no sistema para que tenhamos controle da quantidade de participantes no ENCONTRO e nos WORKSHOPS, bem como para o almo\u00e7o.<\/em><\/p>\n<p style=\"font-weight: 400;\"><em>O EDF Kids custar\u00e1 R$10,00 por crian\u00e7a e dever\u00e1 ser feito diretamente no sistema.<\/em><\/p>\n<p style=\"font-weight: 400;\"><em>A inscri\u00e7\u00e3o poder\u00e1 ser feita de forma Individual ou Caravana.<\/em><\/p>\n<p style=\"font-weight: 400;\"><em>Segue o link\u00a0\u00a0para\u00a0inscri\u00e7\u00e3o:<a href=\"https:\/\/www.siprodi.com\/organizacoes\/inscricoes\/index.php?id_evento=157\" data-saferedirecturl=\"https:\/\/www.google.com\/url?hl=pt-BR&amp;q=https:\/\/www.siprodi.com\/organizacoes\/inscricoes\/index.php?id_evento%3D157&amp;source=gmail&amp;ust=1521245491308000&amp;usg=AFQjCNEgHW1qrJ9A8Lw3XkvT3N1XHnSoTA\">https:\/\/www.siprodi.com\/organizacoes\/inscricoes\/index.php?id_evento=157<\/a>\u00a0<\/em><\/p>\n<p style=\"font-weight: 400;\"><em>Mais\u00a0<\/em><em>informa\u00e7\u00f5es<\/em><em>\u00a0em breve<\/em><em>,<\/em><em>\u00a0neste site.<\/em><\/p>\n<p style=\"font-weight: 400;\">Edi\u00e7\u00e3o de texto: Anara Passos<\/p>\n<p style=\"font-weight: 400;\">\n","protected":false},"excerpt":{"rendered":"<p>A Renova\u00e7\u00e3o\u00a0Carism\u00e1tica Cat\u00f3lica da Diocese de Itabuna\u00a0,no sul da Bahia, realizar\u00e1\u00a0nos dia 20, 21 e 22 de abril, o Encontro Diocesano de Forma\u00e7\u00e3o\u00a0(EDF)\u00a0para coordenadores e minist\u00e9rios. O\u00a0\u00a0Encontro ser\u00e1 realizado na Terceira Via Hall. O espa\u00e7o de eventos\u00a0fica localizado\u00a0na Avenida Jos\u00e9\u00a0Soares Pinheiro,1718,\u00a0no bairro Lomanto em Itabuna . Para\u00a0outras informa\u00e7\u00f5es sobre o evento, procure o coordenador do&nbsp;<\/p>\n<p><a class=\"btn btn-style\" href=\"http:\/\/portalcatolico.net\/portal\/o-edf-esta-com-as-inscricoes-abertas\/\">Continue Reading<\/a><\/p>\n","protected":false},"author":2,"featured_media":52641,"comment_status":"open","ping_status":"open","sticky":false,"template":"","format":"standard","meta":{"footnotes":""},"categories":[2],"tags":[],"class_list":["post-52640","post","type-post","status-publish","format-standard","has-post-thumbnail","hentry","category-eventos"],"_links":{"self":[{"href":"http:\/\/portalcatolico.net\/portal\/wp-json\/wp\/v2\/posts\/52640","targetHints":{"allow":["GET"]}}],"collection":[{"href":"http:\/\/portalcatolico.net\/portal\/wp-json\/wp\/v2\/posts"}],"about":[{"href":"http:\/\/portalcatolico.net\/portal\/wp-json\/wp\/v2\/types\/post"}],"author":[{"embeddable":true,"href":"http:\/\/portalcatolico.net\/portal\/wp-json\/wp\/v2\/users\/2"}],"replies":[{"embeddable":true,"href":"http:\/\/portalcatolico.net\/portal\/wp-json\/wp\/v2\/comments?post=52640"}],"version-history":[{"count":1,"href":"http:\/\/portalcatolico.net\/portal\/wp-json\/wp\/v2\/posts\/52640\/revisions"}],"predecessor-version":[{"id":52642,"href":"http:\/\/portalcatolico.net\/portal\/wp-json\/wp\/v2\/posts\/52640\/revisions\/52642"}],"wp:featuredmedia":[{"embeddable":true,"href":"http:\/\/portalcatolico.net\/portal\/wp-json\/wp\/v2\/media\/52641"}],"wp:attachment":[{"href":"http:\/\/portalcatolico.net\/portal\/wp-json\/wp\/v2\/media?parent=52640"}],"wp:term":[{"taxonomy":"category","embeddable":true,"href":"http:\/\/portalcatolico.net\/portal\/wp-json\/wp\/v2\/categories?post=52640"},{"taxonomy":"post_tag","embeddable":true,"href":"http:\/\/portalcatolico.net\/portal\/wp-json\/wp\/v2\/tags?post=52640"}],"curies":[{"name":"wp","href":"https:\/\/api.w.org\/{rel}","templated":true}]}}