{"id":52637,"date":"2018-03-15T21:15:59","date_gmt":"2018-03-16T00:15:59","guid":{"rendered":"http:\/\/portalcatolico.net\/portal\/?p=52637"},"modified":"2018-03-15T21:15:59","modified_gmt":"2018-03-16T00:15:59","slug":"vem-ai-a-v-puxada-catolica","status":"publish","type":"post","link":"http:\/\/portalcatolico.net\/portal\/vem-ai-a-v-puxada-catolica\/","title":{"rendered":"Vem a\u00ed a V  Puxada Cat\u00f3lica"},"content":{"rendered":"<p class=\"m_-3109944672636726269xgmail-msonospacing\"><em>O Movimento Vinde Jovem da Par\u00f3quia S\u00e3o Roque de Ipia\u00fa (BA) vai realizar a V\u00a0\u00a0Puxada Cat\u00f3lica que ser\u00e1 realizada no dia 15 de abril\u00a0\u00a0e ter\u00e1 como tema: \u201cEu vou na pegada do Senhor: E vit\u00f3rias alcan\u00e7arei\u201d.<u><\/u><u><\/u><\/em><\/p>\n<p class=\"m_-3109944672636726269xgmail-msonospacing\"><em>A juventude cat\u00f3lica convida\u00a0\u00a0sua fam\u00edlia toda a popula\u00e7\u00e3o das cidades circunvizinhs\u00a0\u00a0para participar deste momento de evangeliza\u00e7\u00e3o, que ter\u00e1 a participa\u00e7\u00e3o de jovens e adultos das par\u00f3quias de Ipia\u00fa.<u><\/u><u><\/u><\/em><\/p>\n<p class=\"m_-3109944672636726269xgmail-msonospacing\"><em>Este evento tem como atra\u00e7\u00f5es principais: o cantor Jackson Soares (da cidade e diocese de Jequi\u00e9), o Minist\u00e9rio \u00c1gape, e o ator e vocalista Caio Braga.<u><\/u><u><\/u><\/em><\/p>\n<p class=\"m_-3109944672636726269xgmail-msonospacing\"><em>A concentra\u00e7\u00e3o acontecer\u00e1 na sa\u00edda\u00a0do Clube N\u00e1utico (Avenida Lauro de Freitas). Em seguida, a Puxada percorrer\u00e1 as principais ruas da cidade, em dire\u00e7\u00e3o \u00e0 Pra\u00e7a Rui Barbosa, em frente \u00e0 Igreja Matriz.<u><\/u><u><\/u><\/em><\/p>\n<p class=\"m_-3109944672636726269xgmail-msonospacing\"><em>O objetivo do\u00a0\u00a0evento \u00e9 expandir a m\u00fasica cat\u00f3lica no munic\u00edpio, utilizando-a como instrumento de evangeliza\u00e7\u00e3o da juventude.<u><\/u><u><\/u><\/em><\/p>\n<p class=\"m_-3109944672636726269xgmail-msonospacing\"><em>O valor das camisas para os adultos \u00e9 R$20,00 e para as crian\u00e7as \u00e9 R$10,00.<\/em><u><\/u><u><\/u><\/p>\n<p class=\"m_-3109944672636726269xgmail-msonospacing\"><em>\u00a0Participe!<\/em><\/p>\n<p class=\"m_-3109944672636726269xgmail-msonospacing\">Edi\u00e7\u00e3o de texto: Anara Passos<\/p>\n","protected":false},"excerpt":{"rendered":"<p>O Movimento Vinde Jovem da Par\u00f3quia S\u00e3o Roque de Ipia\u00fa (BA) vai realizar a V\u00a0\u00a0Puxada Cat\u00f3lica que ser\u00e1 realizada no dia 15 de abril\u00a0\u00a0e ter\u00e1 como tema: \u201cEu vou na pegada do Senhor: E vit\u00f3rias alcan\u00e7arei\u201d. A juventude cat\u00f3lica convida\u00a0\u00a0sua fam\u00edlia toda a popula\u00e7\u00e3o das cidades circunvizinhs\u00a0\u00a0para participar deste momento de evangeliza\u00e7\u00e3o, que ter\u00e1 a&nbsp;<\/p>\n<p><a class=\"btn btn-style\" href=\"http:\/\/portalcatolico.net\/portal\/vem-ai-a-v-puxada-catolica\/\">Continue Reading<\/a><\/p>\n","protected":false},"author":2,"featured_media":52638,"comment_status":"open","ping_status":"open","sticky":false,"template":"","format":"standard","meta":{"footnotes":""},"categories":[1],"tags":[],"class_list":["post-52637","post","type-post","status-publish","format-standard","has-post-thumbnail","hentry","category-agenda"],"_links":{"self":[{"href":"http:\/\/portalcatolico.net\/portal\/wp-json\/wp\/v2\/posts\/52637","targetHints":{"allow":["GET"]}}],"collection":[{"href":"http:\/\/portalcatolico.net\/portal\/wp-json\/wp\/v2\/posts"}],"about":[{"href":"http:\/\/portalcatolico.net\/portal\/wp-json\/wp\/v2\/types\/post"}],"author":[{"embeddable":true,"href":"http:\/\/portalcatolico.net\/portal\/wp-json\/wp\/v2\/users\/2"}],"replies":[{"embeddable":true,"href":"http:\/\/portalcatolico.net\/portal\/wp-json\/wp\/v2\/comments?post=52637"}],"version-history":[{"count":1,"href":"http:\/\/portalcatolico.net\/portal\/wp-json\/wp\/v2\/posts\/52637\/revisions"}],"predecessor-version":[{"id":52639,"href":"http:\/\/portalcatolico.net\/portal\/wp-json\/wp\/v2\/posts\/52637\/revisions\/52639"}],"wp:featuredmedia":[{"embeddable":true,"href":"http:\/\/portalcatolico.net\/portal\/wp-json\/wp\/v2\/media\/52638"}],"wp:attachment":[{"href":"http:\/\/portalcatolico.net\/portal\/wp-json\/wp\/v2\/media?parent=52637"}],"wp:term":[{"taxonomy":"category","embeddable":true,"href":"http:\/\/portalcatolico.net\/portal\/wp-json\/wp\/v2\/categories?post=52637"},{"taxonomy":"post_tag","embeddable":true,"href":"http:\/\/portalcatolico.net\/portal\/wp-json\/wp\/v2\/tags?post=52637"}],"curies":[{"name":"wp","href":"https:\/\/api.w.org\/{rel}","templated":true}]}}