{"id":52634,"date":"2018-03-15T19:52:38","date_gmt":"2018-03-15T22:52:38","guid":{"rendered":"http:\/\/portalcatolico.net\/portal\/?p=52634"},"modified":"2018-03-15T19:52:38","modified_gmt":"2018-03-15T22:52:38","slug":"a-paroquia-sao-jose-de-ibirataia-tem-varios-motivos-para-comemorar","status":"publish","type":"post","link":"http:\/\/portalcatolico.net\/portal\/a-paroquia-sao-jose-de-ibirataia-tem-varios-motivos-para-comemorar\/","title":{"rendered":"A Par\u00f3quia S\u00e3o Jos\u00e9 de Ibirataia tem v\u00e1rios motivos para comemorar!"},"content":{"rendered":"<p style=\"font-weight: 400;\"><em>A Par\u00f3quia S\u00e3o Jos\u00e9 de Ibirataia (BA) tamb\u00e9m est\u00e1 em festa! O padroeiro que d\u00e1 o nome \u00e0 par\u00f3quia, ser\u00e1 festejado no dia 19 de mar\u00e7o, pr\u00f3xima segunda-feira. A respectiva par\u00f3quia, que pertence \u00e0 Diocese de Ilh\u00e9us, est\u00e1 comemorando desde o dia 10 deste m\u00eas, a\u00a0\u00a0exist\u00eancia\u00a0da comunidade e\u00a0os\u00a040 anos de hist\u00f3ria\u00a0e evangeliza\u00e7\u00e3o\u00a0\u00a0no munic\u00edpio.<\/em><\/p>\n<p style=\"font-weight: 400;\"><em>No grande dia festivo, haver\u00e1 missa, prociss\u00e3o,\u00a0\u00a0entre outros momentos de evangeliza\u00e7\u00e3o que ir\u00e3o abrilhantar ainda mais a festa, que tem como tema este ano:\u00a0\u00a0\u201c\u00a040 anos de hist\u00f3ria, evangeliza\u00e7\u00e3o e louvor: Como leigos e leigas sal da terra e luz do mundo.\u201d\u00a0\u00a0<\/em><\/p>\n<p style=\"font-weight: 400;\"><em>Vale ressaltar que a festa est\u00e1\u00a0sob o comando do padre Evandro Almeida.<\/em><\/p>\n<p style=\"font-weight: 400;\"><em>Participe desta comemora\u00e7\u00e3o especial!<\/em><\/p>\n<p style=\"font-weight: 400;\">Texto: Anara Passos<\/p>\n","protected":false},"excerpt":{"rendered":"<p>A Par\u00f3quia S\u00e3o Jos\u00e9 de Ibirataia (BA) tamb\u00e9m est\u00e1 em festa! O padroeiro que d\u00e1 o nome \u00e0 par\u00f3quia, ser\u00e1 festejado no dia 19 de mar\u00e7o, pr\u00f3xima segunda-feira. A respectiva par\u00f3quia, que pertence \u00e0 Diocese de Ilh\u00e9us, est\u00e1 comemorando desde o dia 10 deste m\u00eas, a\u00a0\u00a0exist\u00eancia\u00a0da comunidade e\u00a0os\u00a040 anos de hist\u00f3ria\u00a0e evangeliza\u00e7\u00e3o\u00a0\u00a0no munic\u00edpio. No grande&nbsp;<\/p>\n<p><a class=\"btn btn-style\" href=\"http:\/\/portalcatolico.net\/portal\/a-paroquia-sao-jose-de-ibirataia-tem-varios-motivos-para-comemorar\/\">Continue Reading<\/a><\/p>\n","protected":false},"author":2,"featured_media":52635,"comment_status":"open","ping_status":"open","sticky":false,"template":"","format":"standard","meta":{"footnotes":""},"categories":[1],"tags":[],"class_list":["post-52634","post","type-post","status-publish","format-standard","has-post-thumbnail","hentry","category-agenda"],"_links":{"self":[{"href":"http:\/\/portalcatolico.net\/portal\/wp-json\/wp\/v2\/posts\/52634","targetHints":{"allow":["GET"]}}],"collection":[{"href":"http:\/\/portalcatolico.net\/portal\/wp-json\/wp\/v2\/posts"}],"about":[{"href":"http:\/\/portalcatolico.net\/portal\/wp-json\/wp\/v2\/types\/post"}],"author":[{"embeddable":true,"href":"http:\/\/portalcatolico.net\/portal\/wp-json\/wp\/v2\/users\/2"}],"replies":[{"embeddable":true,"href":"http:\/\/portalcatolico.net\/portal\/wp-json\/wp\/v2\/comments?post=52634"}],"version-history":[{"count":1,"href":"http:\/\/portalcatolico.net\/portal\/wp-json\/wp\/v2\/posts\/52634\/revisions"}],"predecessor-version":[{"id":52636,"href":"http:\/\/portalcatolico.net\/portal\/wp-json\/wp\/v2\/posts\/52634\/revisions\/52636"}],"wp:featuredmedia":[{"embeddable":true,"href":"http:\/\/portalcatolico.net\/portal\/wp-json\/wp\/v2\/media\/52635"}],"wp:attachment":[{"href":"http:\/\/portalcatolico.net\/portal\/wp-json\/wp\/v2\/media?parent=52634"}],"wp:term":[{"taxonomy":"category","embeddable":true,"href":"http:\/\/portalcatolico.net\/portal\/wp-json\/wp\/v2\/categories?post=52634"},{"taxonomy":"post_tag","embeddable":true,"href":"http:\/\/portalcatolico.net\/portal\/wp-json\/wp\/v2\/tags?post=52634"}],"curies":[{"name":"wp","href":"https:\/\/api.w.org\/{rel}","templated":true}]}}