{"id":52630,"date":"2018-03-23T12:55:01","date_gmt":"2018-03-23T15:55:01","guid":{"rendered":"http:\/\/portalcatolico.net\/portal\/?p=52630"},"modified":"2018-03-23T12:56:12","modified_gmt":"2018-03-23T15:56:12","slug":"ipiau-vinde-jovem-promovera-mais-uma-puxada-catolica","status":"publish","type":"post","link":"http:\/\/portalcatolico.net\/portal\/ipiau-vinde-jovem-promovera-mais-uma-puxada-catolica\/","title":{"rendered":"Ir. Georgina Costa: 50 anos de profiss\u00e3o de f\u00e9"},"content":{"rendered":"<div>\u00a0Irm\u00e3 Georgina Costa, carism\u00e1tica Diretora do Instituto Nossa Senhora da Piedade, completa nesse pr\u00f3ximo domingo, 25 de mar\u00e7o, 50 anos de seus votos religiosos. Como a data de seu ingresso na Ordem Ursulina das Irm\u00e3s da Uni\u00e3o Romana ocorre no Domingo de Ramos, in\u00edcio da Semana Santa, a freira dispensou qualquer comemora\u00e7\u00e3o, por considerar o per\u00edodo inapropriado para festejos.<\/div>\n<div>Maria Georgina Carvalho de Azevedo Costa, 77 anos, ou simplesmente Irm\u00e3o Geo, como os alunos carinhosamente a chamam, veio para Ilh\u00e9us em 1985. Desde ent\u00e3o, passou a dedicar-se \u00e0 Piedade com intenso fervor, imprimindo uma vis\u00e3o inovadora, corajosa e pioneira na Educa\u00e7\u00e3o de Ilh\u00e9us. Querida por toda a comunidade, a \u201cM\u00e3ezona da Piedade\u201d \u00e9 considerada, entre todas as Irm\u00e3s que j\u00e1 passaram pelo INSP, aquela que mais se aproxima do esp\u00edrito desbravador e da capacidade transformadora de Madre Thais, a fundadora do tradicional col\u00e9gio das freiras.<\/div>\n<div><\/div>\n<div>Durante as diversas gest\u00f5es em que esteve \u00e0 frente da institui\u00e7\u00e3o, implantou novo dinamismo no ensino da Piedade, investindo na forma\u00e7\u00e3o ininterrupta do corpo docente e estabelecendo uma comunica\u00e7\u00e3o fraterna, solid\u00e1ria e desburocratizada com os estudantes e suas fam\u00edlias. Acredita no di\u00e1logo como ferramenta fundamental da educa\u00e7\u00e3o e manteve seu gabinete, sempre, de portas abertas para todos que a procuram. Estabeleceu uma pedagogia voltada para o amanh\u00e3, tendo em vista a forma\u00e7\u00e3o humanista de professores e alunos.<\/div>\n<div>Apesar das dificuldades, promoveu sistem\u00e1tica participa\u00e7\u00e3o do professorado em cursos, congressos, palestras, encontros e viagens de interesse cultural, em diversas partes do Brasil e no exterior. Em 2008, iniciou o programa de Educa\u00e7\u00e3o Global, em parceria com escolas ursulinas dos Estados Unidos e da \u00c1frica do Sul. Cerca de 100 alunos do INSP e mais de uma dezena de professores tiveram oportunidade de frequentar escolas e fam\u00edlias em cinco estados americanos e em duas capitais africanas. O mesmo programa de interc\u00e2mbio trouxe para Ilh\u00e9us dezenas de alunas dos col\u00e9gios estrangeiros visitados. Irm\u00e3 Georgina conseguiu reconhecimento da Piedade no Programa de Escolas Associadas da UNESCO e, em 2014, foi distinguida, em Nova York, com o Pr\u00eamio de Excel\u00eancia em Educa\u00e7\u00e3o da ODAEE (Organiza\u00e7\u00e3o das Am\u00e9ricas para Excel\u00eancia Educativa).<\/div>\n<div>Irm\u00e3 Geo desenvolveu uma estrat\u00e9gia pedag\u00f3gica alicer\u00e7ada na constru\u00e7\u00e3o de projetos interativos, valorizando (al\u00e9m dos conte\u00fados tradicionais) um profundo mergulho nas artes e na contextualiza\u00e7\u00e3o do aprendizado com as demandas sociais do mundo globalizado. O espet\u00e1culo \u201cCidad\u00e3o Jesus\u201d, apresentado durante a Semana Santa, e o desfile de uma escola de samba (com mais de mil participantes), mostrando na avenida Soares Lopes um enredo cr\u00edtico sobre os 500 anos da descoberta da Am\u00e9rica, deixaram fortes lembran\u00e7as na mem\u00f3ria da comunidade ilheense. Al\u00e9m de estar atenta \u00e0s inova\u00e7\u00f5es tecnol\u00f3gicas (o INSP criou o primeiro laborat\u00f3rio escolar de inform\u00e1tica na regi\u00e3o), sob sua dire\u00e7\u00e3o, a Piedade incrementou a participa\u00e7\u00e3o do alunado em diversas modalidades esportivas, culminando com a reforma do gin\u00e1sio e a constru\u00e7\u00e3o da piscina semiol\u00edmpica.<\/div>\n<div>Irm\u00e3 Georgina nasceu em Salvador, formou-se em filosofia e pedagogia, no Rio de Janeiro e na B\u00e9lgica, e (al\u00e9m da dire\u00e7\u00e3o do col\u00e9gio e coordena\u00e7\u00e3o do ensino) dirigiu o noviciado e lecionou filosofia no curso de magist\u00e9rio. Entre os anos de 2000 e 2006 foi eleita Provincial das ursulinas no Brasil. Recebeu do Munic\u00edpio o t\u00edtulo de cidad\u00e3 ilheense e, como gosta de futebol (torcedora do Bahia) fica triste quando o Colo-Colo perde.<\/div>\n<div>Ao proferir seus votos religiosos, em 1968, recebeu S\u00e3o Jorge como seu santo padroeiro \u2013 o mesmo de Ilh\u00e9us e, tamb\u00e9m, inspirador de seu nome pr\u00f3prio. Salve Jorge! Viva Gerogina!(Blog do Jonildo Gloria)<\/div>\n<p>Texto: Ramayana Vargens<\/p>\n<p>&nbsp;<\/p>\n","protected":false},"excerpt":{"rendered":"<p>\u00a0Irm\u00e3 Georgina Costa, carism\u00e1tica Diretora do Instituto Nossa Senhora da Piedade, completa nesse pr\u00f3ximo domingo, 25 de mar\u00e7o, 50 anos de seus votos religiosos. Como a data de seu ingresso na Ordem Ursulina das Irm\u00e3s da Uni\u00e3o Romana ocorre no Domingo de Ramos, in\u00edcio da Semana Santa, a freira dispensou qualquer comemora\u00e7\u00e3o, por considerar o&nbsp;<\/p>\n<p><a class=\"btn btn-style\" href=\"http:\/\/portalcatolico.net\/portal\/ipiau-vinde-jovem-promovera-mais-uma-puxada-catolica\/\">Continue Reading<\/a><\/p>\n","protected":false},"author":2,"featured_media":53393,"comment_status":"open","ping_status":"open","sticky":false,"template":"","format":"standard","meta":{"footnotes":""},"categories":[2],"tags":[],"class_list":["post-52630","post","type-post","status-publish","format-standard","has-post-thumbnail","hentry","category-eventos"],"_links":{"self":[{"href":"http:\/\/portalcatolico.net\/portal\/wp-json\/wp\/v2\/posts\/52630","targetHints":{"allow":["GET"]}}],"collection":[{"href":"http:\/\/portalcatolico.net\/portal\/wp-json\/wp\/v2\/posts"}],"about":[{"href":"http:\/\/portalcatolico.net\/portal\/wp-json\/wp\/v2\/types\/post"}],"author":[{"embeddable":true,"href":"http:\/\/portalcatolico.net\/portal\/wp-json\/wp\/v2\/users\/2"}],"replies":[{"embeddable":true,"href":"http:\/\/portalcatolico.net\/portal\/wp-json\/wp\/v2\/comments?post=52630"}],"version-history":[{"count":3,"href":"http:\/\/portalcatolico.net\/portal\/wp-json\/wp\/v2\/posts\/52630\/revisions"}],"predecessor-version":[{"id":53394,"href":"http:\/\/portalcatolico.net\/portal\/wp-json\/wp\/v2\/posts\/52630\/revisions\/53394"}],"wp:featuredmedia":[{"embeddable":true,"href":"http:\/\/portalcatolico.net\/portal\/wp-json\/wp\/v2\/media\/53393"}],"wp:attachment":[{"href":"http:\/\/portalcatolico.net\/portal\/wp-json\/wp\/v2\/media?parent=52630"}],"wp:term":[{"taxonomy":"category","embeddable":true,"href":"http:\/\/portalcatolico.net\/portal\/wp-json\/wp\/v2\/categories?post=52630"},{"taxonomy":"post_tag","embeddable":true,"href":"http:\/\/portalcatolico.net\/portal\/wp-json\/wp\/v2\/tags?post=52630"}],"curies":[{"name":"wp","href":"https:\/\/api.w.org\/{rel}","templated":true}]}}