{"id":52623,"date":"2018-03-15T13:53:29","date_gmt":"2018-03-15T16:53:29","guid":{"rendered":"http:\/\/portalcatolico.net\/portal\/?p=52623"},"modified":"2018-03-15T13:53:29","modified_gmt":"2018-03-15T16:53:29","slug":"novena-em-louvor-ao-glorioso-sao-jose-na-cidade-de-sao-jose-da-vitoria","status":"publish","type":"post","link":"http:\/\/portalcatolico.net\/portal\/novena-em-louvor-ao-glorioso-sao-jose-na-cidade-de-sao-jose-da-vitoria\/","title":{"rendered":"Novena em Louvor ao Glorioso S\u00e3o Jos\u00e9 na cidade de S\u00e3o Jos\u00e9 da Vit\u00f3ria"},"content":{"rendered":"<p>Novena em Louvor ao Glorioso S\u00e3o Jos\u00e9 na cidade de S\u00e3o Jos\u00e9 da Vit\u00f3ria, com o tema &#8220;S\u00c3O JOS\u00c9 EXEMPLO DE LEIGO E SERVIDOR NA MISS\u00c3O DE JESUS&#8221; tendo como Celebrante o Monsenhor Nicolau Klak da Par\u00f3quia de Nossa Senhora de F\u00e1tima forania centro.<\/p>\n<p>Jesus ensinado os disc\u00edpulos e a cada um de n\u00f3s nos dias de hoje, que o seguiam, depois de uma discuss\u00e3o deles disputando quem assumiria \u201cos primeiros lugares no seu Reino\u201d (Mc 10,35-45), Jesus mostra-lhes que devem pautar sua vida n\u00e3o p<span class=\"text_exposed_show\">elo poder, mas pelo servi\u00e7o. Se os chefes das na\u00e7\u00f5es abusam do poder e as tiranizam, dominando-as, na comunidade dos disc\u00edpulos as rela\u00e7\u00f5es devem basear-se no servi\u00e7o, segundo a qual \u201cquem deseja ser o primeiro dever\u00e1 ser o servidor de todos\u201d (Mc 9,35), seguindo o exemplo daquele que \u201cn\u00e3o veio para ser servido, mas para servir e dar a vida em resgate por muitos\u201d (Mc 10,45). Na conclus\u00e3o do \u201clava-p\u00e9s\u201d, s\u00edntese do seu ensinamento, Jesus diz: \u201cSe voc\u00eas compreenderam isso, ser\u00e3o felizes se o puserem em pr\u00e1tica.\u201d (Jo 13,17).<\/span><\/p>\n<div class=\"text_exposed_show\">\n<p>\u201cO leigo, sujeito na Igreja e no mundo, \u00e9 o crist\u00e3o maduro na f\u00e9, que fez o encontro pessoal com Jesus Cristo e se disp\u00f4s a segui-lo com todas as consequ\u00eancias dessa escolha.\u201d (Estudos da CNBB 107, n.49). Tornar-se sujeito eclesial, servidor do Reino, esta \u00e9 a voca\u00e7\u00e3o laical. Felizes voc\u00eas, os leigos e leigas servidores de Jesus Cristo e seu Reino em nossas comunidades e na sociedade. Voc\u00eas compreenderam que h\u00e1 muita alegria em servir e doar a vida.<\/p>\n<p>Texto e fotos: Pascom-Diocese de Itabuna<\/p>\n<p><img loading=\"lazy\" decoding=\"async\" class=\"alignnone size-medium wp-image-52625\" src=\"http:\/\/portalcatolico.net\/portal\/wp-content\/uploads\/2018\/03\/29214333_1990900930952525_8939029211696332800_n-300x200.jpg\" alt=\"29214333_1990900930952525_8939029211696332800_n\" width=\"300\" height=\"200\" srcset=\"http:\/\/portalcatolico.net\/portal\/wp-content\/uploads\/2018\/03\/29214333_1990900930952525_8939029211696332800_n-300x200.jpg 300w, http:\/\/portalcatolico.net\/portal\/wp-content\/uploads\/2018\/03\/29214333_1990900930952525_8939029211696332800_n-768x512.jpg 768w, http:\/\/portalcatolico.net\/portal\/wp-content\/uploads\/2018\/03\/29214333_1990900930952525_8939029211696332800_n.jpg 960w\" sizes=\"auto, (max-width: 300px) 100vw, 300px\" \/> <img loading=\"lazy\" decoding=\"async\" class=\"alignnone size-medium wp-image-52626\" src=\"http:\/\/portalcatolico.net\/portal\/wp-content\/uploads\/2018\/03\/29214845_1990898610952757_6723989881363628032_n-300x200.jpg\" alt=\"29214845_1990898610952757_6723989881363628032_n\" width=\"300\" height=\"200\" srcset=\"http:\/\/portalcatolico.net\/portal\/wp-content\/uploads\/2018\/03\/29214845_1990898610952757_6723989881363628032_n-300x200.jpg 300w, http:\/\/portalcatolico.net\/portal\/wp-content\/uploads\/2018\/03\/29214845_1990898610952757_6723989881363628032_n-768x512.jpg 768w, http:\/\/portalcatolico.net\/portal\/wp-content\/uploads\/2018\/03\/29214845_1990898610952757_6723989881363628032_n.jpg 960w\" sizes=\"auto, (max-width: 300px) 100vw, 300px\" \/> <img loading=\"lazy\" decoding=\"async\" class=\"alignnone size-medium wp-image-52627\" src=\"http:\/\/portalcatolico.net\/portal\/wp-content\/uploads\/2018\/03\/29243988_1990898007619484_3784063988199849984_n-300x191.jpg\" alt=\"29243988_1990898007619484_3784063988199849984_n\" width=\"300\" height=\"191\" srcset=\"http:\/\/portalcatolico.net\/portal\/wp-content\/uploads\/2018\/03\/29243988_1990898007619484_3784063988199849984_n-300x191.jpg 300w, http:\/\/portalcatolico.net\/portal\/wp-content\/uploads\/2018\/03\/29243988_1990898007619484_3784063988199849984_n-768x489.jpg 768w, http:\/\/portalcatolico.net\/portal\/wp-content\/uploads\/2018\/03\/29243988_1990898007619484_3784063988199849984_n-848x536.jpg 848w, http:\/\/portalcatolico.net\/portal\/wp-content\/uploads\/2018\/03\/29243988_1990898007619484_3784063988199849984_n.jpg 960w\" sizes=\"auto, (max-width: 300px) 100vw, 300px\" \/> <img loading=\"lazy\" decoding=\"async\" class=\"alignnone size-medium wp-image-52628\" src=\"http:\/\/portalcatolico.net\/portal\/wp-content\/uploads\/2018\/03\/29244406_1990898390952779_2077061624753029120_n-300x233.jpg\" alt=\"29244406_1990898390952779_2077061624753029120_n\" width=\"300\" height=\"233\" srcset=\"http:\/\/portalcatolico.net\/portal\/wp-content\/uploads\/2018\/03\/29244406_1990898390952779_2077061624753029120_n-300x233.jpg 300w, http:\/\/portalcatolico.net\/portal\/wp-content\/uploads\/2018\/03\/29244406_1990898390952779_2077061624753029120_n-768x597.jpg 768w, http:\/\/portalcatolico.net\/portal\/wp-content\/uploads\/2018\/03\/29244406_1990898390952779_2077061624753029120_n.jpg 960w\" sizes=\"auto, (max-width: 300px) 100vw, 300px\" \/><\/p>\n<\/div>\n","protected":false},"excerpt":{"rendered":"<p>Novena em Louvor ao Glorioso S\u00e3o Jos\u00e9 na cidade de S\u00e3o Jos\u00e9 da Vit\u00f3ria, com o tema &#8220;S\u00c3O JOS\u00c9 EXEMPLO DE LEIGO E SERVIDOR NA MISS\u00c3O DE JESUS&#8221; tendo como Celebrante o Monsenhor Nicolau Klak da Par\u00f3quia de Nossa Senhora de F\u00e1tima forania centro. Jesus ensinado os disc\u00edpulos e a cada um de n\u00f3s nos&nbsp;<\/p>\n<p><a class=\"btn btn-style\" href=\"http:\/\/portalcatolico.net\/portal\/novena-em-louvor-ao-glorioso-sao-jose-na-cidade-de-sao-jose-da-vitoria\/\">Continue Reading<\/a><\/p>\n","protected":false},"author":2,"featured_media":52624,"comment_status":"open","ping_status":"open","sticky":false,"template":"","format":"standard","meta":{"footnotes":""},"categories":[68],"tags":[],"class_list":["post-52623","post","type-post","status-publish","format-standard","has-post-thumbnail","hentry","category-homilias"],"_links":{"self":[{"href":"http:\/\/portalcatolico.net\/portal\/wp-json\/wp\/v2\/posts\/52623","targetHints":{"allow":["GET"]}}],"collection":[{"href":"http:\/\/portalcatolico.net\/portal\/wp-json\/wp\/v2\/posts"}],"about":[{"href":"http:\/\/portalcatolico.net\/portal\/wp-json\/wp\/v2\/types\/post"}],"author":[{"embeddable":true,"href":"http:\/\/portalcatolico.net\/portal\/wp-json\/wp\/v2\/users\/2"}],"replies":[{"embeddable":true,"href":"http:\/\/portalcatolico.net\/portal\/wp-json\/wp\/v2\/comments?post=52623"}],"version-history":[{"count":1,"href":"http:\/\/portalcatolico.net\/portal\/wp-json\/wp\/v2\/posts\/52623\/revisions"}],"predecessor-version":[{"id":52629,"href":"http:\/\/portalcatolico.net\/portal\/wp-json\/wp\/v2\/posts\/52623\/revisions\/52629"}],"wp:featuredmedia":[{"embeddable":true,"href":"http:\/\/portalcatolico.net\/portal\/wp-json\/wp\/v2\/media\/52624"}],"wp:attachment":[{"href":"http:\/\/portalcatolico.net\/portal\/wp-json\/wp\/v2\/media?parent=52623"}],"wp:term":[{"taxonomy":"category","embeddable":true,"href":"http:\/\/portalcatolico.net\/portal\/wp-json\/wp\/v2\/categories?post=52623"},{"taxonomy":"post_tag","embeddable":true,"href":"http:\/\/portalcatolico.net\/portal\/wp-json\/wp\/v2\/tags?post=52623"}],"curies":[{"name":"wp","href":"https:\/\/api.w.org\/{rel}","templated":true}]}}