{"id":52616,"date":"2018-03-15T13:42:10","date_gmt":"2018-03-15T16:42:10","guid":{"rendered":"http:\/\/portalcatolico.net\/portal\/?p=52616"},"modified":"2018-03-15T13:42:10","modified_gmt":"2018-03-15T16:42:10","slug":"continua-o-novenario-de-sao-jose-em-itabuna","status":"publish","type":"post","link":"http:\/\/portalcatolico.net\/portal\/continua-o-novenario-de-sao-jose-em-itabuna\/","title":{"rendered":"Continua o Noven\u00e1rio de S\u00e3o Jos\u00e9 em Itabuna"},"content":{"rendered":"<p class=\"m_-4322193664959621844xgmail-msonospacing\">A festa do glorioso S\u00e3o Jos\u00e9, Padroeiro da Catedral, da Cidade e da Diocese de Itabuna,\u00a0no sul da Bahia, chegou na sua 5\u00aa noite em prepara\u00e7\u00e3o para o grande dia 19 de mar\u00e7o, dia em que Itabuna e outras cidades tamb\u00e9m\u00a0\u00a0festejam e homenageiam S\u00e3o Jos\u00e9.<u><\/u><u><\/u><\/p>\n<p class=\"m_-4322193664959621844xgmail-msonospacing\">A 5\u00aa noite refletiu o subtema: \u201cCrist\u00e3os leigos e leigas inserido nas\u00a0\u00a0realidades e periferias existentes da sociedade moderna\u201d.<u><\/u><u><\/u><\/p>\n<p class=\"m_-4322193664959621844xgmail-msonospacing\"><em>Os convidados foram: Par\u00f3quia Nossa Senhora da Concei\u00e7\u00e3o, Semin\u00e1rio S\u00e3o Jos\u00e9, Par\u00f3quia Nossa Senhora da Piedade, Par\u00f3quia nossa Senhora Aparecida, Rede Municipal, Rede Estadual e Rede Privada de Ensino, Secretaria Municipal de Educa\u00e7\u00e3o.<\/em><u><\/u><u><\/u><\/p>\n<p class=\"m_-4322193664959621844xgmail-msonospacing\"><em>Respons\u00e1veis: Movimento Escalada, Pastoral da\u00a0\u00a0Catequese, Jovem da Catedral.<\/em><u><\/u><u><\/u><\/p>\n<p class=\"m_-4322193664959621844xgmail-msonospacing\"><em>A santa missa teve in\u00edcio \u00e0s 19h e foi presidida pelo Pe. Ezequias Gon\u00e7alves da Par\u00f3quia Nossa Senhora Aparecida e concelebrada pelos padres de suas respectivas par\u00f3quias citadas acima, al\u00e9m dos di\u00e1conos e seminaristas.<u><\/u><u><\/u><\/em><\/p>\n<p class=\"m_-4322193664959621844xgmail-msonospacing\"><em>Vale lembrar que, a Celebra\u00e7\u00e3o Eucar\u00edstica durante a semana,\u00a0est\u00e1 acontecendo \u00e0s 19h e aos s\u00e1bados e domingos, \u00e0s 18h.<\/em><u><\/u><u><\/u><\/p>\n<p class=\"m_-4322193664959621844xgmail-msonospacing\">Para o dia 19, est\u00e3o programadas missas e a tradicional prociss\u00e3o que percorrer\u00e1 as principais ruas e avenidas\u00a0da cidade.\u00a0<u><\/u><u><\/u><\/p>\n<p class=\"m_-4322193664959621844xgmail-msonospacing\">Participe!<\/p>\n<p class=\"m_-4322193664959621844xgmail-msonospacing\"><img loading=\"lazy\" decoding=\"async\" class=\"alignnone size-medium wp-image-52618\" src=\"http:\/\/portalcatolico.net\/portal\/wp-content\/uploads\/2018\/03\/DSCN8502-300x225.jpg\" alt=\"DSCN8502\" width=\"300\" height=\"225\" srcset=\"http:\/\/portalcatolico.net\/portal\/wp-content\/uploads\/2018\/03\/DSCN8502-300x225.jpg 300w, http:\/\/portalcatolico.net\/portal\/wp-content\/uploads\/2018\/03\/DSCN8502.jpg 640w\" sizes=\"auto, (max-width: 300px) 100vw, 300px\" \/> <img loading=\"lazy\" decoding=\"async\" class=\"alignnone size-medium wp-image-52619\" src=\"http:\/\/portalcatolico.net\/portal\/wp-content\/uploads\/2018\/03\/DSCN8503-300x225.jpg\" alt=\"DSCN8503\" width=\"300\" height=\"225\" srcset=\"http:\/\/portalcatolico.net\/portal\/wp-content\/uploads\/2018\/03\/DSCN8503-300x225.jpg 300w, http:\/\/portalcatolico.net\/portal\/wp-content\/uploads\/2018\/03\/DSCN8503.jpg 640w\" sizes=\"auto, (max-width: 300px) 100vw, 300px\" \/><\/p>\n<p class=\"m_-4322193664959621844xgmail-msonospacing\"><img loading=\"lazy\" decoding=\"async\" class=\"alignnone size-medium wp-image-52620\" src=\"http:\/\/portalcatolico.net\/portal\/wp-content\/uploads\/2018\/03\/DSCN8511-300x225.jpg\" alt=\"DSCN8511\" width=\"300\" height=\"225\" srcset=\"http:\/\/portalcatolico.net\/portal\/wp-content\/uploads\/2018\/03\/DSCN8511-300x225.jpg 300w, http:\/\/portalcatolico.net\/portal\/wp-content\/uploads\/2018\/03\/DSCN8511.jpg 640w\" sizes=\"auto, (max-width: 300px) 100vw, 300px\" \/><img loading=\"lazy\" decoding=\"async\" class=\"alignnone size-medium wp-image-52621\" src=\"http:\/\/portalcatolico.net\/portal\/wp-content\/uploads\/2018\/03\/DSCN8508-300x225.jpg\" alt=\"DSCN8508\" width=\"300\" height=\"225\" srcset=\"http:\/\/portalcatolico.net\/portal\/wp-content\/uploads\/2018\/03\/DSCN8508-300x225.jpg 300w, http:\/\/portalcatolico.net\/portal\/wp-content\/uploads\/2018\/03\/DSCN8508.jpg 640w\" sizes=\"auto, (max-width: 300px) 100vw, 300px\" \/><\/p>\n","protected":false},"excerpt":{"rendered":"<p>A festa do glorioso S\u00e3o Jos\u00e9, Padroeiro da Catedral, da Cidade e da Diocese de Itabuna,\u00a0no sul da Bahia, chegou na sua 5\u00aa noite em prepara\u00e7\u00e3o para o grande dia 19 de mar\u00e7o, dia em que Itabuna e outras cidades tamb\u00e9m\u00a0\u00a0festejam e homenageiam S\u00e3o Jos\u00e9. A 5\u00aa noite refletiu o subtema: \u201cCrist\u00e3os leigos e leigas&nbsp;<\/p>\n<p><a class=\"btn btn-style\" href=\"http:\/\/portalcatolico.net\/portal\/continua-o-novenario-de-sao-jose-em-itabuna\/\">Continue Reading<\/a><\/p>\n","protected":false},"author":2,"featured_media":52617,"comment_status":"open","ping_status":"open","sticky":false,"template":"","format":"standard","meta":{"footnotes":""},"categories":[2],"tags":[],"class_list":["post-52616","post","type-post","status-publish","format-standard","has-post-thumbnail","hentry","category-eventos"],"_links":{"self":[{"href":"http:\/\/portalcatolico.net\/portal\/wp-json\/wp\/v2\/posts\/52616","targetHints":{"allow":["GET"]}}],"collection":[{"href":"http:\/\/portalcatolico.net\/portal\/wp-json\/wp\/v2\/posts"}],"about":[{"href":"http:\/\/portalcatolico.net\/portal\/wp-json\/wp\/v2\/types\/post"}],"author":[{"embeddable":true,"href":"http:\/\/portalcatolico.net\/portal\/wp-json\/wp\/v2\/users\/2"}],"replies":[{"embeddable":true,"href":"http:\/\/portalcatolico.net\/portal\/wp-json\/wp\/v2\/comments?post=52616"}],"version-history":[{"count":1,"href":"http:\/\/portalcatolico.net\/portal\/wp-json\/wp\/v2\/posts\/52616\/revisions"}],"predecessor-version":[{"id":52622,"href":"http:\/\/portalcatolico.net\/portal\/wp-json\/wp\/v2\/posts\/52616\/revisions\/52622"}],"wp:featuredmedia":[{"embeddable":true,"href":"http:\/\/portalcatolico.net\/portal\/wp-json\/wp\/v2\/media\/52617"}],"wp:attachment":[{"href":"http:\/\/portalcatolico.net\/portal\/wp-json\/wp\/v2\/media?parent=52616"}],"wp:term":[{"taxonomy":"category","embeddable":true,"href":"http:\/\/portalcatolico.net\/portal\/wp-json\/wp\/v2\/categories?post=52616"},{"taxonomy":"post_tag","embeddable":true,"href":"http:\/\/portalcatolico.net\/portal\/wp-json\/wp\/v2\/tags?post=52616"}],"curies":[{"name":"wp","href":"https:\/\/api.w.org\/{rel}","templated":true}]}}