{"id":52607,"date":"2018-03-14T18:07:42","date_gmt":"2018-03-14T21:07:42","guid":{"rendered":"http:\/\/portalcatolico.net\/portal\/?p=52607"},"modified":"2018-03-14T18:07:42","modified_gmt":"2018-03-14T21:07:42","slug":"camara-de-vereadores-de-itabuna-aborda-tema-da-campanha-da-fraternidade-2018-em-sessao-especial","status":"publish","type":"post","link":"http:\/\/portalcatolico.net\/portal\/camara-de-vereadores-de-itabuna-aborda-tema-da-campanha-da-fraternidade-2018-em-sessao-especial\/","title":{"rendered":"C\u00e2mara de Vereadores de Itabuna aborda tema da Campanha da Fraternidade 2018 em Sess\u00e3o Especial"},"content":{"rendered":"<p style=\"font-weight: 400;\"><em>A C\u00e2mara de Vereadores de Itabuna, no Sul\u00a0da\u00a0Bahia, realizou nesta ter\u00e7a-feira (13), no Plen\u00e1rio Ant\u00f4nio Lima, uma Sess\u00e3o Especial para discutir sobre\u00a0\u00a0o tema da Campanha da Fraternidade 2018: \u201cFraternidade e Supera\u00e7\u00e3o da Viol\u00eancia\u201d.<\/em><\/p>\n<p style=\"font-weight: 400;\"><em>\u00a0<\/em><em>A Campanha da Fraternidade \u00e9 realizada todos os anos, no per\u00edodo da Quaresma, pela Confer\u00eancia <img loading=\"lazy\" decoding=\"async\" class=\" wp-image-52609 alignleft\" src=\"http:\/\/portalcatolico.net\/portal\/wp-content\/uploads\/2018\/03\/IMG_1311-300x200.jpg\" alt=\"IMG_1311\" width=\"242\" height=\"161\" srcset=\"http:\/\/portalcatolico.net\/portal\/wp-content\/uploads\/2018\/03\/IMG_1311-300x200.jpg 300w, http:\/\/portalcatolico.net\/portal\/wp-content\/uploads\/2018\/03\/IMG_1311.jpg 640w\" sizes=\"auto, (max-width: 242px) 100vw, 242px\" \/>Nacional dos Bispos do Brasil (CNBB) e desempenha uma importante tarefa social no fomento da reflex\u00e3o.<\/em>\u00a0\u201cA Campanha h\u00e1 tem o objetivo de despertar as consci\u00eancias para os problemas da nossa sociedade\u201d, explicou o Padre Jos\u00e9 Roberto, que tamb\u00e9m estava presente na eventualidade.<\/p>\n<p style=\"font-weight: 400;\"><em>A Sess\u00e3o Especial contou com a participa\u00e7\u00e3o de v\u00e1rios religiosos, vereadores e paroquianos.<\/em><\/p>\n<p style=\"font-weight: 400;\"><em>O autor da Sess\u00e3o foi o Vereador Ant\u00f4nio Cavalcante, que participa da Par\u00f3quia Nossa Senhora Aparecida do bairro Calif\u00f3rnia, em Itabuna.<\/em><\/p>\n<p style=\"font-weight: 400;\"><em>\u00a0<\/em><em>A Sess\u00e3o come\u00e7ou com uma ora\u00e7\u00e3o realizada pelo Bispo da Diocese de Itabuna, Dom Carlos Alberto dos Santos. Em seguida, o tema come\u00e7ou a ser abordado.<\/em><\/p>\n<p style=\"font-weight: 400;\"><em>\u00a0<\/em><em>\u201cA Igreja proclama, com a convic\u00e7\u00e3o de sua f\u00e9 em Cristo, e com a consci\u00eancia de sua miss\u00e3o, que a viol\u00eancia \u00e9 um mal para toda sociedade.<\/em><em>\u00a0<em>Portanto, a busca de solu\u00e7\u00f5es alternativas \u00e0 viol\u00eancia para resolver os conflitos, assumiu atualmente um car\u00e1ter de dram\u00e1tica urg\u00eancia.\u201d Foi assim, que Davi Pedreira da Pastoral Carcer\u00e1ria da Diocese de Itabuna deu in\u00edcio \u00e0 discuss\u00e3o.<\/em><\/em><\/p>\n<p style=\"font-weight: 400;\"><em>\u00a0<\/em><em>O assunto tamb\u00e9m foi\u00a0\u00a0refletido pelo\u00a0\u00a0Vereador Enderson Guinho. O parlamentar \u00e9 tamb\u00e9m Coordenador Diocesano do Encontro de Jovem com Cristo (EJC) e\u00a0\u00a0membro do Movimento Escalada em Itabuna.\u00a0\u00a0Em suas palavras, ele ressaltou a import\u00e2ncia de olhar para as comunidades carentes:\u00a0<\/em>\u201cMuito importante trazer essa tem\u00e1tica para discuss\u00e3o pois este tema \u00e9 de grande relev\u00e2ncia j\u00e1<img loading=\"lazy\" decoding=\"async\" class=\" wp-image-52610 alignright\" src=\"http:\/\/portalcatolico.net\/portal\/wp-content\/uploads\/2018\/03\/IMG_1324-300x200.jpg\" alt=\"IMG_1324\" width=\"254\" height=\"169\" srcset=\"http:\/\/portalcatolico.net\/portal\/wp-content\/uploads\/2018\/03\/IMG_1324-300x200.jpg 300w, http:\/\/portalcatolico.net\/portal\/wp-content\/uploads\/2018\/03\/IMG_1324.jpg 640w\" sizes=\"auto, (max-width: 254px) 100vw, 254px\" \/> que estamos vivendo com alto \u00edndice de viol\u00eancia n\u00e3o s\u00f3 na nossa cidade mas em todo o pa\u00eds. (&#8230;) A gente percebe a necessidade de discutir as pol\u00edticas p\u00fablicas nas C\u00e2maras de Vereadores, nas C\u00e2maras de Deputados, porque a maioria dos pol\u00edticos utilizam a periferia em \u00e9pocas de elei\u00e7\u00f5es, e quando passa esse per\u00edodo, eles esquecem dessa sociedade.\u201d. O jovem Vereador Guinho ainda destacou a import\u00e2ncia do trabalho de evangeliza\u00e7\u00e3o realizado pelas Igrejas: \u201cA gente observa Itabuna com esse \u00edndice de criminalidade entre os jovens, e numa reuni\u00e3o em que estive com o Secret\u00e1rio de Seguran\u00e7a P\u00fablica, a fala dele foi muito importante. Ele disse: \u2018Estaria muito pior se n\u00e3o tiv\u00e9ssemos a atua\u00e7\u00e3o das Igrejas\u2019. A igreja tem essa atua\u00e7\u00e3o e essa ressocializa\u00e7\u00e3o, muitas vezes, muito mais do que o pr\u00f3prio Estado\u201d.<\/p>\n<p style=\"font-weight: 400;\">Para finalizar, o Bispo Dom Carlos deixou um conselho especial para todos os presentes: \u201cComecem a dialogar nas suas casas, com seus filhos, com sua fam\u00edlia. A Forma\u00e7\u00e3o deve come\u00e7ar em casa.\u201d<\/p>\n<p style=\"font-weight: 400;\">Reportagem e fotos: Valdeni Elias<\/p>\n<p style=\"font-weight: 400;\">Edi\u00e7\u00e3o de texto: Anara Passos (Jornalista)<\/p>\n<p style=\"font-weight: 400;\"><img loading=\"lazy\" decoding=\"async\" class=\"alignnone size-medium wp-image-52611\" src=\"http:\/\/portalcatolico.net\/portal\/wp-content\/uploads\/2018\/03\/IMG_1312-300x200.jpg\" alt=\"IMG_1312\" width=\"300\" height=\"200\" srcset=\"http:\/\/portalcatolico.net\/portal\/wp-content\/uploads\/2018\/03\/IMG_1312-300x200.jpg 300w, http:\/\/portalcatolico.net\/portal\/wp-content\/uploads\/2018\/03\/IMG_1312.jpg 640w\" sizes=\"auto, (max-width: 300px) 100vw, 300px\" \/> <img loading=\"lazy\" decoding=\"async\" class=\"alignnone size-medium wp-image-52612\" src=\"http:\/\/portalcatolico.net\/portal\/wp-content\/uploads\/2018\/03\/IMG_1313-300x200.jpg\" alt=\"IMG_1313\" width=\"300\" height=\"200\" srcset=\"http:\/\/portalcatolico.net\/portal\/wp-content\/uploads\/2018\/03\/IMG_1313-300x200.jpg 300w, http:\/\/portalcatolico.net\/portal\/wp-content\/uploads\/2018\/03\/IMG_1313.jpg 640w\" sizes=\"auto, (max-width: 300px) 100vw, 300px\" \/> <img loading=\"lazy\" decoding=\"async\" class=\"alignnone size-medium wp-image-52614\" src=\"http:\/\/portalcatolico.net\/portal\/wp-content\/uploads\/2018\/03\/IMG_1317-300x200.jpg\" alt=\"IMG_1317\" width=\"300\" height=\"200\" srcset=\"http:\/\/portalcatolico.net\/portal\/wp-content\/uploads\/2018\/03\/IMG_1317-300x200.jpg 300w, http:\/\/portalcatolico.net\/portal\/wp-content\/uploads\/2018\/03\/IMG_1317.jpg 640w\" sizes=\"auto, (max-width: 300px) 100vw, 300px\" \/><img loading=\"lazy\" decoding=\"async\" class=\"alignnone size-medium wp-image-52613\" src=\"http:\/\/portalcatolico.net\/portal\/wp-content\/uploads\/2018\/03\/IMG_1314-300x200.jpg\" alt=\"IMG_1314\" width=\"300\" height=\"200\" srcset=\"http:\/\/portalcatolico.net\/portal\/wp-content\/uploads\/2018\/03\/IMG_1314-300x200.jpg 300w, http:\/\/portalcatolico.net\/portal\/wp-content\/uploads\/2018\/03\/IMG_1314.jpg 640w\" sizes=\"auto, (max-width: 300px) 100vw, 300px\" \/><\/p>\n","protected":false},"excerpt":{"rendered":"<p>A C\u00e2mara de Vereadores de Itabuna, no Sul\u00a0da\u00a0Bahia, realizou nesta ter\u00e7a-feira (13), no Plen\u00e1rio Ant\u00f4nio Lima, uma Sess\u00e3o Especial para discutir sobre\u00a0\u00a0o tema da Campanha da Fraternidade 2018: \u201cFraternidade e Supera\u00e7\u00e3o da Viol\u00eancia\u201d. \u00a0A Campanha da Fraternidade \u00e9 realizada todos os anos, no per\u00edodo da Quaresma, pela Confer\u00eancia Nacional dos Bispos do Brasil (CNBB) e&nbsp;<\/p>\n<p><a class=\"btn btn-style\" href=\"http:\/\/portalcatolico.net\/portal\/camara-de-vereadores-de-itabuna-aborda-tema-da-campanha-da-fraternidade-2018-em-sessao-especial\/\">Continue Reading<\/a><\/p>\n","protected":false},"author":2,"featured_media":52608,"comment_status":"open","ping_status":"open","sticky":false,"template":"","format":"standard","meta":{"footnotes":""},"categories":[68],"tags":[],"class_list":["post-52607","post","type-post","status-publish","format-standard","has-post-thumbnail","hentry","category-homilias"],"_links":{"self":[{"href":"http:\/\/portalcatolico.net\/portal\/wp-json\/wp\/v2\/posts\/52607","targetHints":{"allow":["GET"]}}],"collection":[{"href":"http:\/\/portalcatolico.net\/portal\/wp-json\/wp\/v2\/posts"}],"about":[{"href":"http:\/\/portalcatolico.net\/portal\/wp-json\/wp\/v2\/types\/post"}],"author":[{"embeddable":true,"href":"http:\/\/portalcatolico.net\/portal\/wp-json\/wp\/v2\/users\/2"}],"replies":[{"embeddable":true,"href":"http:\/\/portalcatolico.net\/portal\/wp-json\/wp\/v2\/comments?post=52607"}],"version-history":[{"count":1,"href":"http:\/\/portalcatolico.net\/portal\/wp-json\/wp\/v2\/posts\/52607\/revisions"}],"predecessor-version":[{"id":52615,"href":"http:\/\/portalcatolico.net\/portal\/wp-json\/wp\/v2\/posts\/52607\/revisions\/52615"}],"wp:featuredmedia":[{"embeddable":true,"href":"http:\/\/portalcatolico.net\/portal\/wp-json\/wp\/v2\/media\/52608"}],"wp:attachment":[{"href":"http:\/\/portalcatolico.net\/portal\/wp-json\/wp\/v2\/media?parent=52607"}],"wp:term":[{"taxonomy":"category","embeddable":true,"href":"http:\/\/portalcatolico.net\/portal\/wp-json\/wp\/v2\/categories?post=52607"},{"taxonomy":"post_tag","embeddable":true,"href":"http:\/\/portalcatolico.net\/portal\/wp-json\/wp\/v2\/tags?post=52607"}],"curies":[{"name":"wp","href":"https:\/\/api.w.org\/{rel}","templated":true}]}}