{"id":52603,"date":"2018-03-13T23:50:22","date_gmt":"2018-03-14T02:50:22","guid":{"rendered":"http:\/\/portalcatolico.net\/portal\/?p=52603"},"modified":"2018-03-13T23:51:11","modified_gmt":"2018-03-14T02:51:11","slug":"pastoral-familiar-em-itabuna-celebra-aniversario-de-fundacao","status":"publish","type":"post","link":"http:\/\/portalcatolico.net\/portal\/pastoral-familiar-em-itabuna-celebra-aniversario-de-fundacao\/","title":{"rendered":"Pastoral Familiar em Itabuna celebra anivers\u00e1rio de funda\u00e7\u00e3o"},"content":{"rendered":"<p style=\"font-weight: 400;\"><em>A Pastoral Familiar da Par\u00f3quia Santa Rita de C\u00e1ssia, situada no bairro S\u00e3o Caetano, em Itabuna (BA) realizou uma santa missa festiva em comemora\u00e7\u00e3o aos 19 anos de evangeliza\u00e7\u00e3o e funda\u00e7\u00e3o da Pastoral Familiar\u00a0da igreja matriz.<\/em><\/p>\n<p style=\"font-weight: 400;\"><em>A\u00a0\u00a0santa celebra\u00e7\u00e3o teve in\u00edcio \u00e0s 19h e foi presidida pelo Frei Jos\u00e9 Alberto dos Santos (Frei Alberto). Logo ap\u00f3s a Celebra\u00e7\u00e3o Eucar\u00edstica,\u00a0\u00a0 foi servido um delicioso jantar com direito a bolo, parab\u00e9ns e muitas homenagens.<\/em><\/p>\n<p style=\"font-weight: 400;\">A Pastoral Familiar \u00e9 um servi\u00e7o que se realiza na Igreja e com a Igreja, de forma organizada e planejada atrav\u00e9s de agentes espec\u00edficos, com metodologia pr\u00f3pria, tendo como objetivo apoiar a fam\u00edlia a partir da realidade em que se encontra, para que possa existir e viver dignamente, estabelecer relacionamentos e formar as novas gera\u00e7\u00f5es conforme o plano de Deus.<\/p>\n<p style=\"font-weight: 400;\"><em>O Portal Cat\u00f3lico parabeniza a Pastoral Familiar pelo seu trabalho realizado durante todos esses anos.<\/em><\/p>\n","protected":false},"excerpt":{"rendered":"<p>A Pastoral Familiar da Par\u00f3quia Santa Rita de C\u00e1ssia, situada no bairro S\u00e3o Caetano, em Itabuna (BA) realizou uma santa missa festiva em comemora\u00e7\u00e3o aos 19 anos de evangeliza\u00e7\u00e3o e funda\u00e7\u00e3o da Pastoral Familiar\u00a0da igreja matriz. A\u00a0\u00a0santa celebra\u00e7\u00e3o teve in\u00edcio \u00e0s 19h e foi presidida pelo Frei Jos\u00e9 Alberto dos Santos (Frei Alberto). Logo ap\u00f3s&nbsp;<\/p>\n<p><a class=\"btn btn-style\" href=\"http:\/\/portalcatolico.net\/portal\/pastoral-familiar-em-itabuna-celebra-aniversario-de-fundacao\/\">Continue Reading<\/a><\/p>\n","protected":false},"author":2,"featured_media":52604,"comment_status":"open","ping_status":"open","sticky":false,"template":"","format":"standard","meta":{"footnotes":""},"categories":[4],"tags":[],"class_list":["post-52603","post","type-post","status-publish","format-standard","has-post-thumbnail","hentry","category-destaques"],"_links":{"self":[{"href":"http:\/\/portalcatolico.net\/portal\/wp-json\/wp\/v2\/posts\/52603","targetHints":{"allow":["GET"]}}],"collection":[{"href":"http:\/\/portalcatolico.net\/portal\/wp-json\/wp\/v2\/posts"}],"about":[{"href":"http:\/\/portalcatolico.net\/portal\/wp-json\/wp\/v2\/types\/post"}],"author":[{"embeddable":true,"href":"http:\/\/portalcatolico.net\/portal\/wp-json\/wp\/v2\/users\/2"}],"replies":[{"embeddable":true,"href":"http:\/\/portalcatolico.net\/portal\/wp-json\/wp\/v2\/comments?post=52603"}],"version-history":[{"count":2,"href":"http:\/\/portalcatolico.net\/portal\/wp-json\/wp\/v2\/posts\/52603\/revisions"}],"predecessor-version":[{"id":52606,"href":"http:\/\/portalcatolico.net\/portal\/wp-json\/wp\/v2\/posts\/52603\/revisions\/52606"}],"wp:featuredmedia":[{"embeddable":true,"href":"http:\/\/portalcatolico.net\/portal\/wp-json\/wp\/v2\/media\/52604"}],"wp:attachment":[{"href":"http:\/\/portalcatolico.net\/portal\/wp-json\/wp\/v2\/media?parent=52603"}],"wp:term":[{"taxonomy":"category","embeddable":true,"href":"http:\/\/portalcatolico.net\/portal\/wp-json\/wp\/v2\/categories?post=52603"},{"taxonomy":"post_tag","embeddable":true,"href":"http:\/\/portalcatolico.net\/portal\/wp-json\/wp\/v2\/tags?post=52603"}],"curies":[{"name":"wp","href":"https:\/\/api.w.org\/{rel}","templated":true}]}}