{"id":52598,"date":"2018-03-13T06:11:21","date_gmt":"2018-03-13T09:11:21","guid":{"rendered":"http:\/\/portalcatolico.net\/portal\/?p=52598"},"modified":"2018-03-13T06:11:42","modified_gmt":"2018-03-13T09:11:42","slug":"papa-nao-ser-cristaos-estacionados-buscar-o-senhor-sem-medo","status":"publish","type":"post","link":"http:\/\/portalcatolico.net\/portal\/papa-nao-ser-cristaos-estacionados-buscar-o-senhor-sem-medo\/","title":{"rendered":"Papa: n\u00e3o ser crist\u00e3os estacionados, buscar o Senhor sem medo"},"content":{"rendered":"<div class=\"article__subTitle\">Comentando as leituras do dia, Francisco recordou que o verdadeiro crist\u00e3o n\u00e3o se satisfaz com a primeira gra\u00e7a recebida, mas vai sempre avante.<\/div>\n<div class=\"title__separator\">\u00a0O Papa Francisco come\u00e7ou a semana celebrando a missa na capela da Casa Santa Marta. Na homilia, comentou o Evangelho do dia, em que Jesus dirige uma cr\u00edtica ao funcion\u00e1rio do rei que vai at\u00e9 a Galil\u00e9ia para pedir a cura do filho doente. \u201cSe n\u00e3o virdes sinais e prod\u00edgios, n\u00e3o acreditais\u201d, \u00e9 a cr\u00edtica de Jesus, que parece perder a paci\u00eancia com o fato de o prod\u00edgio ser a \u00fanica coisa que conta:<\/div>\n<div class=\"article__text\">\n<p><i>&#8220;Onde est\u00e1 a f\u00e9? Ver um milagre, um prod\u00edgio e dizer: \u2018Mas Tu tens a pot\u00eancia, Tu \u00e9s Deus\u2019, sim, \u00e9 um ato de f\u00e9, mas pequenino assim. Porque \u00e9 evidente que este homem tem um poder forte; mas ali come\u00e7a a f\u00e9, que depois deve ir avante. Onde est\u00e1 o seu desejo de Deus? Porque a f\u00e9 \u00e9 isto: ter o desejo de encontrar Deus, encontr\u00e1-Lo, estar com Ele, ser feliz com Ele.&#8221;<\/i><\/p>\n<p>Mas qual \u00e9, ao inv\u00e9s, o grande milagre que o Senhor realiza? A primeira leitura extra\u00edda do livro do profeta Isa\u00edas explica isso, disse o Papa: \u201cEis que eu criarei novos c\u00e9us e nova terra. Haver\u00e1 alegria e exulta\u00e7\u00e3o sem fim em raz\u00e3o das coisas que eu vou criar\u201d. O Senhor atrai o nosso desejo para a alegria de estar com Ele.<\/p>\n<p><i>&#8220;Quando o Senhor passa na nossa vida e faz um milagre em cada um de n\u00f3s, e cada um de n\u00f3s sabe o que o Senhor fez na sua vida, ali n\u00e3o termina tudo: este \u00e9 o convite a ir avante, a continuar a caminhar, &#8216;buscar a face de Deus&#8217;, afirma o Salmo; buscar esta alegria.&#8221;<\/i><\/p>\n<p>O milagre, portanto, \u00e9 somente o in\u00edcio e o Papa se questiona o que pensar\u00e1 Jesus de muitos crist\u00e3os que param ali na primeira gra\u00e7a recebida, que n\u00e3o caminham, como as pessoas que, no restaurante, se saciam com a entrada e voltam para casa sem saber que o melhor est\u00e1 por vir.<\/p>\n<p><i>\u201cPorque existem muitos crist\u00e3os parados, que n\u00e3o caminham; crist\u00e3os atolados nas coisas de todos os dias \u2013 bons, bons! \u2013 mas n\u00e3o crescem, permanecem pequenos. Crist\u00e3os estacionados: se estacionam. Crist\u00e3os engaiolados que n\u00e3o sabem voar com o sonho a esta bela coisa para a qual o Senhor nos chama\u201d.<\/i><\/p>\n<p>\u00c9 uma pergunta que cada um pode fazer, prosseguiu Francisco. \u201cComo \u00e9 o meu desejo? (\u2026) Busco o Senhor assim? Ou tenho medo, sou med\u00edocre? (\u2026) Qual \u00e9 a medida do meu desejo? A entrada ou todo o banquete?\u201d E concluiu: \u00e9 importante \u201cproteger o pr\u00f3prio desejo: n\u00e3o se ajeitar muito, ir mais al\u00e9m, arriscar. O verdadeiro crist\u00e3o arrisca, sai da seguran\u00e7a\u201d.(Vatican News)<\/p>\n<p><strong>Ou\u00e7a a reportagem completa com a voz do Papa Francisco<\/strong><\/p>\n<audio class=\"wp-audio-shortcode\" id=\"audio-52598-1\" preload=\"none\" style=\"width: 100%;\" controls=\"controls\"><source type=\"audio\/mpeg\" src=\"http:\/\/portalcatolico.net\/portal\/wp-content\/uploads\/2018\/03\/134327597_F134327597.mp3?_=1\" \/><a href=\"http:\/\/portalcatolico.net\/portal\/wp-content\/uploads\/2018\/03\/134327597_F134327597.mp3\">http:\/\/portalcatolico.net\/portal\/wp-content\/uploads\/2018\/03\/134327597_F134327597.mp3<\/a><\/audio>\n<\/div>\n","protected":false},"excerpt":{"rendered":"<p>Comentando as leituras do dia, Francisco recordou que o verdadeiro crist\u00e3o n\u00e3o se satisfaz com a primeira gra\u00e7a recebida, mas vai sempre avante. \u00a0O Papa Francisco come\u00e7ou a semana celebrando a missa na capela da Casa Santa Marta. Na homilia, comentou o Evangelho do dia, em que Jesus dirige uma cr\u00edtica ao funcion\u00e1rio do rei&nbsp;<\/p>\n<p><a class=\"btn btn-style\" href=\"http:\/\/portalcatolico.net\/portal\/papa-nao-ser-cristaos-estacionados-buscar-o-senhor-sem-medo\/\">Continue Reading<\/a><\/p>\n","protected":false},"author":2,"featured_media":52600,"comment_status":"open","ping_status":"open","sticky":false,"template":"","format":"standard","meta":{"footnotes":""},"categories":[5],"tags":[],"class_list":["post-52598","post","type-post","status-publish","format-standard","has-post-thumbnail","hentry","category-igreja_no_mundo"],"_links":{"self":[{"href":"http:\/\/portalcatolico.net\/portal\/wp-json\/wp\/v2\/posts\/52598","targetHints":{"allow":["GET"]}}],"collection":[{"href":"http:\/\/portalcatolico.net\/portal\/wp-json\/wp\/v2\/posts"}],"about":[{"href":"http:\/\/portalcatolico.net\/portal\/wp-json\/wp\/v2\/types\/post"}],"author":[{"embeddable":true,"href":"http:\/\/portalcatolico.net\/portal\/wp-json\/wp\/v2\/users\/2"}],"replies":[{"embeddable":true,"href":"http:\/\/portalcatolico.net\/portal\/wp-json\/wp\/v2\/comments?post=52598"}],"version-history":[{"count":2,"href":"http:\/\/portalcatolico.net\/portal\/wp-json\/wp\/v2\/posts\/52598\/revisions"}],"predecessor-version":[{"id":52602,"href":"http:\/\/portalcatolico.net\/portal\/wp-json\/wp\/v2\/posts\/52598\/revisions\/52602"}],"wp:featuredmedia":[{"embeddable":true,"href":"http:\/\/portalcatolico.net\/portal\/wp-json\/wp\/v2\/media\/52600"}],"wp:attachment":[{"href":"http:\/\/portalcatolico.net\/portal\/wp-json\/wp\/v2\/media?parent=52598"}],"wp:term":[{"taxonomy":"category","embeddable":true,"href":"http:\/\/portalcatolico.net\/portal\/wp-json\/wp\/v2\/categories?post=52598"},{"taxonomy":"post_tag","embeddable":true,"href":"http:\/\/portalcatolico.net\/portal\/wp-json\/wp\/v2\/tags?post=52598"}],"curies":[{"name":"wp","href":"https:\/\/api.w.org\/{rel}","templated":true}]}}