{"id":52595,"date":"2018-03-12T23:41:34","date_gmt":"2018-03-13T02:41:34","guid":{"rendered":"http:\/\/portalcatolico.net\/portal\/?p=52595"},"modified":"2018-03-12T23:41:34","modified_gmt":"2018-03-13T02:41:34","slug":"camara-de-itabuna-discute-tema-da-campanha-da-fratenidade-em-sessao-especial","status":"publish","type":"post","link":"http:\/\/portalcatolico.net\/portal\/camara-de-itabuna-discute-tema-da-campanha-da-fratenidade-em-sessao-especial\/","title":{"rendered":"C\u00e2mara de Itabuna discute tema da Campanha da Fratenidade em Sess\u00e3o Especial"},"content":{"rendered":"<div dir=\"auto\">Nesta ter\u00e7a-feira, \u00e0s 15h, na C\u00e2mara de Vereadores de Itabuna, acontecer\u00e1 uma Sess\u00e3o Especial para discutir o tema da Campanha da Fraternidade 2018: &#8220;Fraternidade e Supera\u00e7\u00e3o da Viol\u00eancia&#8221;.<\/p>\n<\/div>\n<div dir=\"auto\">Este tema pretende advertir que a viol\u00eancia nunca constitui uma resposta justa.\u00a0A Igreja proclama, com a convic\u00e7\u00e3o de sua f\u00e9 em Cristo e com a consci\u00eancia de sua miss\u00e3o, que a viol\u00eancia \u00e9 um mal. Portanto, a busca de solu\u00e7\u00f5es alternativas \u00e0 viol\u00eancia para resolver os conflitos assumiu, atualmente, um car\u00e1ter de dram\u00e1tica urg\u00eancia.<\/p>\n<\/div>\n<div dir=\"auto\">Participe da Sess\u00e3o Especial. O assunto que ser\u00e1 refletido \u00e9 de suma import\u00e2ncia para todos os cidad\u00e3os.<\/div>\n<div dir=\"auto\"><\/div>\n<div dir=\"auto\">Texto: Anara Passos<\/div>\n","protected":false},"excerpt":{"rendered":"<p>Nesta ter\u00e7a-feira, \u00e0s 15h, na C\u00e2mara de Vereadores de Itabuna, acontecer\u00e1 uma Sess\u00e3o Especial para discutir o tema da Campanha da Fraternidade 2018: &#8220;Fraternidade e Supera\u00e7\u00e3o da Viol\u00eancia&#8221;. Este tema pretende advertir que a viol\u00eancia nunca constitui uma resposta justa.\u00a0A Igreja proclama, com a convic\u00e7\u00e3o de sua f\u00e9 em Cristo e com a consci\u00eancia de&nbsp;<\/p>\n<p><a class=\"btn btn-style\" href=\"http:\/\/portalcatolico.net\/portal\/camara-de-itabuna-discute-tema-da-campanha-da-fratenidade-em-sessao-especial\/\">Continue Reading<\/a><\/p>\n","protected":false},"author":2,"featured_media":52596,"comment_status":"open","ping_status":"open","sticky":false,"template":"","format":"standard","meta":{"footnotes":""},"categories":[2],"tags":[],"class_list":["post-52595","post","type-post","status-publish","format-standard","has-post-thumbnail","hentry","category-eventos"],"_links":{"self":[{"href":"http:\/\/portalcatolico.net\/portal\/wp-json\/wp\/v2\/posts\/52595","targetHints":{"allow":["GET"]}}],"collection":[{"href":"http:\/\/portalcatolico.net\/portal\/wp-json\/wp\/v2\/posts"}],"about":[{"href":"http:\/\/portalcatolico.net\/portal\/wp-json\/wp\/v2\/types\/post"}],"author":[{"embeddable":true,"href":"http:\/\/portalcatolico.net\/portal\/wp-json\/wp\/v2\/users\/2"}],"replies":[{"embeddable":true,"href":"http:\/\/portalcatolico.net\/portal\/wp-json\/wp\/v2\/comments?post=52595"}],"version-history":[{"count":1,"href":"http:\/\/portalcatolico.net\/portal\/wp-json\/wp\/v2\/posts\/52595\/revisions"}],"predecessor-version":[{"id":52597,"href":"http:\/\/portalcatolico.net\/portal\/wp-json\/wp\/v2\/posts\/52595\/revisions\/52597"}],"wp:featuredmedia":[{"embeddable":true,"href":"http:\/\/portalcatolico.net\/portal\/wp-json\/wp\/v2\/media\/52596"}],"wp:attachment":[{"href":"http:\/\/portalcatolico.net\/portal\/wp-json\/wp\/v2\/media?parent=52595"}],"wp:term":[{"taxonomy":"category","embeddable":true,"href":"http:\/\/portalcatolico.net\/portal\/wp-json\/wp\/v2\/categories?post=52595"},{"taxonomy":"post_tag","embeddable":true,"href":"http:\/\/portalcatolico.net\/portal\/wp-json\/wp\/v2\/tags?post=52595"}],"curies":[{"name":"wp","href":"https:\/\/api.w.org\/{rel}","templated":true}]}}