{"id":52592,"date":"2018-03-12T23:35:47","date_gmt":"2018-03-13T02:35:47","guid":{"rendered":"http:\/\/portalcatolico.net\/portal\/?p=52592"},"modified":"2018-03-12T23:35:47","modified_gmt":"2018-03-13T02:35:47","slug":"continua-em-itabuna-o-novenario-de-sao-jose","status":"publish","type":"post","link":"http:\/\/portalcatolico.net\/portal\/continua-em-itabuna-o-novenario-de-sao-jose\/","title":{"rendered":"Continua em Itabuna o Noven\u00e1rio de S\u00e3o Jos\u00e9"},"content":{"rendered":"<div align=\"left\">\n<div dir=\"auto\"><i>A festa do Glorioso S\u00e3o Jos\u00e9, Padroeiro da Catedral, da Cidade e da Diocese de Itabuna, j\u00e1 come\u00e7ou desde o \u00faltimo s\u00e1bado, 10.<\/i><\/div>\n<\/div>\n<div align=\"left\">\n<div dir=\"auto\"><\/div>\n<\/div>\n<div align=\"left\">\n<div dir=\"auto\">E<i>ste ano o tema central abordado \u00e9: &#8220;Crist\u00e3o leigos e leigas na Igreja e na sociedade\u201d(\u201cSal da terra e luz do mundo\u201d(MT. 5,13-14).\u00a0<\/i><\/p>\n<\/div>\n<div dir=\"auto\">Nesta segunda-feira (12), \u00a0aconteceu a terceira noite\u00a0 do Noven\u00e1rio, que refletiu o subtema: \u201cCrist\u00e3os Leigos e leigas, disc\u00edpulos mission\u00e1rios de Jesus\u201d.<i>\u00a0<\/i><\/p>\n<\/div>\n<div dir=\"auto\">Os convidados da noite foram: as\u00a0\u00a0Par\u00f3quias Santa Maria Madalena,\u00a0\u00a0Nossa Senhora de F\u00e1tima e Santo Ant\u00f4nio, al\u00e9m de hospitais, cl\u00ednicas, Agentes de Endemias, Agentes Comunit\u00e1rios de sa\u00fade (profissionais da sa\u00fade), Secretaria Municipal de Sa\u00fade.<\/div>\n<\/div>\n<div dir=\"auto\"><\/div>\n<div align=\"left\">\n<div dir=\"auto\">Os respons\u00e1veis pelas liturgias e os cantos foram: Irm\u00e3s Auxiliadoras, Movimento da Divina Face, Movimento das M\u00e3es Ensanguentadas de Jesus.<\/p>\n<\/div>\n<div dir=\"auto\">A santa celebra\u00e7\u00e3o\u00a0\u00a0foi presidida pelo p\u00e1roco da Par\u00f3quia Nossa Senhora de F\u00e1tima, o Pe. Nicolau KlaK e\u00a0\u00a0concelebrada pelos padres:\u00a0 Jos\u00e9 Andrade, da Par\u00f3quia Santo Ant\u00f4nio,Pe. Tony Val\u00e9rio da Paroquia Santa Maria Madalena,Pe. Gilvan Oliveira, da Catedral de S\u00e3o Jos\u00e9, os di\u00e1conos\u00a0<em>Trajano Oswaldo \u00a0Oliveira Ribeiro, Erisvaldo Jos\u00e9 da Silva e Jos\u00e9 Ara\u00fajo Filho<\/em><strong>,<\/strong> al\u00e9m dos Ministros Extraordin\u00e1rio da Comunh\u00e3o\u00a0Eucar\u00edstica.<\/p>\n<\/div>\n<div dir=\"auto\">Logo ap\u00f3s a santa missa, teve a Festa de Largo e quermesse, com vendas de alimentos e das tradicionais camisas de S\u00e3o Jos\u00e9.<\/div>\n<\/div>\n<div dir=\"auto\"><\/div>\n<div dir=\"auto\"><i>As festividades prosseguem at\u00e9 o dia 19 de mar\u00e7o, quando os cat\u00f3licos celebram o dia do santo. Para este dia, est\u00e3o programadas missas e a tradicional prociss\u00e3o que percorrer\u00e1 as principais ruas e avenidas\u00a0da cidade.<\/i>\u00a0Participe!<\/div>\n<div dir=\"auto\">Confira as fotos <a href=\"http:\/\/portalcatolico.net\/portal\/1a-e-2a-noite-do-novenario-e-festa-de-sao-jose-em-itabuna\/\"><span style=\"color: #0000ff;\">AQUI<\/span><\/a> neste link.<\/div>\n","protected":false},"excerpt":{"rendered":"<p>A festa do Glorioso S\u00e3o Jos\u00e9, Padroeiro da Catedral, da Cidade e da Diocese de Itabuna, j\u00e1 come\u00e7ou desde o \u00faltimo s\u00e1bado, 10. Este ano o tema central abordado \u00e9: &#8220;Crist\u00e3o leigos e leigas na Igreja e na sociedade\u201d(\u201cSal da terra e luz do mundo\u201d(MT. 5,13-14).\u00a0 Nesta segunda-feira (12), \u00a0aconteceu a terceira noite\u00a0 do Noven\u00e1rio,&nbsp;<\/p>\n<p><a class=\"btn btn-style\" href=\"http:\/\/portalcatolico.net\/portal\/continua-em-itabuna-o-novenario-de-sao-jose\/\">Continue Reading<\/a><\/p>\n","protected":false},"author":2,"featured_media":52593,"comment_status":"open","ping_status":"open","sticky":false,"template":"","format":"standard","meta":{"footnotes":""},"categories":[4],"tags":[],"class_list":["post-52592","post","type-post","status-publish","format-standard","has-post-thumbnail","hentry","category-destaques"],"_links":{"self":[{"href":"http:\/\/portalcatolico.net\/portal\/wp-json\/wp\/v2\/posts\/52592","targetHints":{"allow":["GET"]}}],"collection":[{"href":"http:\/\/portalcatolico.net\/portal\/wp-json\/wp\/v2\/posts"}],"about":[{"href":"http:\/\/portalcatolico.net\/portal\/wp-json\/wp\/v2\/types\/post"}],"author":[{"embeddable":true,"href":"http:\/\/portalcatolico.net\/portal\/wp-json\/wp\/v2\/users\/2"}],"replies":[{"embeddable":true,"href":"http:\/\/portalcatolico.net\/portal\/wp-json\/wp\/v2\/comments?post=52592"}],"version-history":[{"count":1,"href":"http:\/\/portalcatolico.net\/portal\/wp-json\/wp\/v2\/posts\/52592\/revisions"}],"predecessor-version":[{"id":52594,"href":"http:\/\/portalcatolico.net\/portal\/wp-json\/wp\/v2\/posts\/52592\/revisions\/52594"}],"wp:featuredmedia":[{"embeddable":true,"href":"http:\/\/portalcatolico.net\/portal\/wp-json\/wp\/v2\/media\/52593"}],"wp:attachment":[{"href":"http:\/\/portalcatolico.net\/portal\/wp-json\/wp\/v2\/media?parent=52592"}],"wp:term":[{"taxonomy":"category","embeddable":true,"href":"http:\/\/portalcatolico.net\/portal\/wp-json\/wp\/v2\/categories?post=52592"},{"taxonomy":"post_tag","embeddable":true,"href":"http:\/\/portalcatolico.net\/portal\/wp-json\/wp\/v2\/tags?post=52592"}],"curies":[{"name":"wp","href":"https:\/\/api.w.org\/{rel}","templated":true}]}}