{"id":52476,"date":"2018-03-12T13:02:21","date_gmt":"2018-03-12T16:02:21","guid":{"rendered":"http:\/\/portalcatolico.net\/portal\/?p=52476"},"modified":"2018-03-12T13:02:21","modified_gmt":"2018-03-12T16:02:21","slug":"pastoral-familiar-de-paroquia-em-itabuna-celebra-19-anos-com-missa-festiva","status":"publish","type":"post","link":"http:\/\/portalcatolico.net\/portal\/pastoral-familiar-de-paroquia-em-itabuna-celebra-19-anos-com-missa-festiva\/","title":{"rendered":"Pastoral Familiar de par\u00f3quia em Itabuna celebra 19 anos com missa festiva"},"content":{"rendered":"<p style=\"font-weight: 400;\"><em>A Pastoral Familiar da Par\u00f3quia Santa Rita de C\u00e1ssia, situada no bairro S\u00e3o Caetano em Itabuna (BA), est\u00e1 convidando\u00a0\u00a0voc\u00ea e sua fam\u00edlia para participar da santa missa festiva\u00a0\u00a0em comemora\u00e7\u00e3o aos 19 anos de evangeliza\u00e7\u00e3o e funda\u00e7\u00e3o da Pastoral Familiar\u00a0\u00a0da igreja matriz. A celebra\u00e7\u00e3o ter\u00e1 in\u00edcio \u00e0s 19h.\u00a0\u00a0 Participe!<\/em><\/p>\n<p style=\"font-weight: 400;\"><em>Vale ressaltar que o Portal Cat\u00f3lico Web R\u00e1dio estar\u00e1 transmitindo em tempo real, a santa missa pela internet.\u00a0\u00a0Acesse nosso site:\u00a0<\/em><a href=\"http:\/\/www.portalcatolico.net\/\" data-saferedirecturl=\"https:\/\/www.google.com\/url?hl=pt-BR&amp;q=http:\/\/www.portalcatolico.net\/&amp;source=gmail&amp;ust=1520956668608000&amp;usg=AFQjCNGcPQPARQetAAWiUgAbq-AcvPLqdg\">www.portalcatolico.net<\/a><em>\u00a0\u00a0ou baixe nosso aplicativo, atrav\u00e9s do link:<\/em>\u00a0<a href=\"https:\/\/play.google.com\/store\/apps\/details?id=com.shoutcast.stm.portalcatolico\" data-saferedirecturl=\"https:\/\/www.google.com\/url?hl=pt-BR&amp;q=https:\/\/play.google.com\/store\/apps\/details?id%3Dcom.shoutcast.stm.portalcatolico&amp;source=gmail&amp;ust=1520956668609000&amp;usg=AFQjCNE_7h4vIJUX9bkEhSXD54b4Z5a2wg\">https:\/\/play.google.com\/store\/apps\/details?id=com.shoutcast.stm.portalcatolico<\/a><\/p>\n<p style=\"font-weight: 400;\">\u00a0Texto: Reda\u00e7\u00e3o Portal Cat\u00f3lico<\/p>\n<p style=\"font-weight: 400;\">\n","protected":false},"excerpt":{"rendered":"<p>A Pastoral Familiar da Par\u00f3quia Santa Rita de C\u00e1ssia, situada no bairro S\u00e3o Caetano em Itabuna (BA), est\u00e1 convidando\u00a0\u00a0voc\u00ea e sua fam\u00edlia para participar da santa missa festiva\u00a0\u00a0em comemora\u00e7\u00e3o aos 19 anos de evangeliza\u00e7\u00e3o e funda\u00e7\u00e3o da Pastoral Familiar\u00a0\u00a0da igreja matriz. A celebra\u00e7\u00e3o ter\u00e1 in\u00edcio \u00e0s 19h.\u00a0\u00a0 Participe! Vale ressaltar que o Portal Cat\u00f3lico Web&nbsp;<\/p>\n<p><a class=\"btn btn-style\" href=\"http:\/\/portalcatolico.net\/portal\/pastoral-familiar-de-paroquia-em-itabuna-celebra-19-anos-com-missa-festiva\/\">Continue Reading<\/a><\/p>\n","protected":false},"author":2,"featured_media":52477,"comment_status":"open","ping_status":"open","sticky":false,"template":"","format":"standard","meta":{"footnotes":""},"categories":[4],"tags":[],"class_list":["post-52476","post","type-post","status-publish","format-standard","has-post-thumbnail","hentry","category-destaques"],"_links":{"self":[{"href":"http:\/\/portalcatolico.net\/portal\/wp-json\/wp\/v2\/posts\/52476","targetHints":{"allow":["GET"]}}],"collection":[{"href":"http:\/\/portalcatolico.net\/portal\/wp-json\/wp\/v2\/posts"}],"about":[{"href":"http:\/\/portalcatolico.net\/portal\/wp-json\/wp\/v2\/types\/post"}],"author":[{"embeddable":true,"href":"http:\/\/portalcatolico.net\/portal\/wp-json\/wp\/v2\/users\/2"}],"replies":[{"embeddable":true,"href":"http:\/\/portalcatolico.net\/portal\/wp-json\/wp\/v2\/comments?post=52476"}],"version-history":[{"count":1,"href":"http:\/\/portalcatolico.net\/portal\/wp-json\/wp\/v2\/posts\/52476\/revisions"}],"predecessor-version":[{"id":52478,"href":"http:\/\/portalcatolico.net\/portal\/wp-json\/wp\/v2\/posts\/52476\/revisions\/52478"}],"wp:featuredmedia":[{"embeddable":true,"href":"http:\/\/portalcatolico.net\/portal\/wp-json\/wp\/v2\/media\/52477"}],"wp:attachment":[{"href":"http:\/\/portalcatolico.net\/portal\/wp-json\/wp\/v2\/media?parent=52476"}],"wp:term":[{"taxonomy":"category","embeddable":true,"href":"http:\/\/portalcatolico.net\/portal\/wp-json\/wp\/v2\/categories?post=52476"},{"taxonomy":"post_tag","embeddable":true,"href":"http:\/\/portalcatolico.net\/portal\/wp-json\/wp\/v2\/tags?post=52476"}],"curies":[{"name":"wp","href":"https:\/\/api.w.org\/{rel}","templated":true}]}}