{"id":52467,"date":"2018-03-11T23:09:49","date_gmt":"2018-03-12T02:09:49","guid":{"rendered":"http:\/\/portalcatolico.net\/portal\/?p=52467"},"modified":"2018-03-12T22:32:01","modified_gmt":"2018-03-13T01:32:01","slug":"xii-vigilia-diocesana-jovem-atrai-centenas-de-catolico-em-itabuna","status":"publish","type":"post","link":"http:\/\/portalcatolico.net\/portal\/xii-vigilia-diocesana-jovem-atrai-centenas-de-catolico-em-itabuna\/","title":{"rendered":"XII Vig\u00edlia Diocesana Jovem atrai centenas de cat\u00f3lico em  Itabuna"},"content":{"rendered":"<p><em>A popula\u00e7\u00e3o jovem\u00a0\u00a0da Diocese de\u00a0\u00a0Itabuna\u00a0\u00a0participou, na noite deste s\u00e1bado ,10 de mar\u00e7o, da XII Vig\u00edlia Diocesana da Juventude, que teve in\u00edcio \u00e0s 20h30,\u00a0\u00a0saindo do Santu\u00e1rio Santo Ant\u00f4nio, na Avenida do Cinquenten\u00e1rio.<u><\/u><u><\/u><\/em><\/p>\n<p><em>A via sacra passou pelas ruas do bairro Pontalzinho.\u00a0\u00a0Centenas de jovens de v\u00e1rias par\u00f3quias participaram e embelezaram o evento.<\/em><u><\/u><u><\/u><\/p>\n<p class=\"m_6367391862236781191xmsonormal\"><em>Os fieis seguiram em uma grande prociss\u00e3o luminosa, todos vestidos de branco, pedindo paz para a cidade, rumo \u00e0 Par\u00f3quia S\u00e3o Judas Tadeu, que fica situada na Avenida Ilh\u00e9us, no bairro Cast\u00e1lia\u00a0onde aconteceu o evento.<u><\/u><u><\/u><\/em><\/p>\n<p class=\"m_6367391862236781191xmsonormal\"><em>\u00a0Ao chegar na Igreja, todos\u00a0\u00a0participaram da Santa Missa, com Adora\u00e7\u00e3o ao Jesus Eucar\u00edstico. Tamb\u00e9m teve louvor, Momento Mariano, prega\u00e7\u00e3o, confiss\u00f5es, pe\u00e7a teatral, apresenta\u00e7\u00e3o,\u00a0\u00a0entre outros momentos de evangeliza\u00e7\u00e3o.<u><\/u><u><\/u><\/em><\/p>\n<p class=\"m_6367391862236781191xmsonormal\"><em>Por volta das 22h,\u00a0\u00a0aconteceu a Celebra\u00e7\u00e3o Eucar\u00edstica que foi presidida pelo Pe. Ac\u00e1ssio Alves, p\u00e1roco da\u00a0\u00a0Par\u00f3quia S\u00e3o Judas Tadeu e concelebrada pelos padres: Ezequias Gon\u00e7alves da Par\u00f3quia Nossa Senhora Aparecida; Pe. Adriano Fernandes da Par\u00f3quia Nossa Senhora da Concei\u00e7\u00e3o e pelo p\u00e1roco\u00a0\u00a0da Par\u00f3quia Nossa Senhora da Piedade, o Pe. Frei Ivanilton Oliveira dos Santos.<u><\/u><u><\/u><\/em><\/p>\n<p class=\"m_6367391862236781191xmsonormal\"><em>Pe. Jos\u00e9 Roberto da Par\u00f3quia Nossa Senhora da Concei\u00e7\u00e3o, do bairro Ferradas, tamb\u00e9m colaborou com o evento.<u><\/u><u><\/u><\/em><\/p>\n<p class=\"m_6367391862236781191xmsonormal\"><em>Na oportunidade, Frei Ivanilton falou para a juventude: \u201cEste \u00e9 um momento prop\u00edcio para n\u00f3s nos encontrarmos com Deus, para nos fortalecermos com a gra\u00e7a de Deus\u201d.<\/em><u><\/u><u><\/u><\/p>\n<p class=\"m_6367391862236781191xmsonormal\"><em>\u00a0A vig\u00edlia finalizou na manh\u00e3 desde domingo, 11.<\/em><\/p>\n<p class=\"m_6367391862236781191xmsonormal\">Foto de capa:Jan Erik (Diocese de Itabuna)<\/p>\n<p class=\"m_6367391862236781191xmsonormal\">Reportagem:Valdeni Elias<\/p>\n<p class=\"m_6367391862236781191xmsonormal\">Texto: Anara Passos<\/p>\n<p class=\"m_6367391862236781191xmsonormal\">Confira outras\u00a0 fotos na nossa p\u00e1gina do facebook. <a href=\"https:\/\/www.facebook.com\/portalcatolicooficial\"><span style=\"color: #0000ff;\">CLIQUE AQUI<\/span><\/a><\/p>\n","protected":false},"excerpt":{"rendered":"<p>A popula\u00e7\u00e3o jovem\u00a0\u00a0da Diocese de\u00a0\u00a0Itabuna\u00a0\u00a0participou, na noite deste s\u00e1bado ,10 de mar\u00e7o, da XII Vig\u00edlia Diocesana da Juventude, que teve in\u00edcio \u00e0s 20h30,\u00a0\u00a0saindo do Santu\u00e1rio Santo Ant\u00f4nio, na Avenida do Cinquenten\u00e1rio. A via sacra passou pelas ruas do bairro Pontalzinho.\u00a0\u00a0Centenas de jovens de v\u00e1rias par\u00f3quias participaram e embelezaram o evento. Os fieis seguiram em uma&nbsp;<\/p>\n<p><a class=\"btn btn-style\" href=\"http:\/\/portalcatolico.net\/portal\/xii-vigilia-diocesana-jovem-atrai-centenas-de-catolico-em-itabuna\/\">Continue Reading<\/a><\/p>\n","protected":false},"author":2,"featured_media":52468,"comment_status":"open","ping_status":"open","sticky":false,"template":"","format":"standard","meta":{"footnotes":""},"categories":[68],"tags":[],"class_list":["post-52467","post","type-post","status-publish","format-standard","has-post-thumbnail","hentry","category-homilias"],"_links":{"self":[{"href":"http:\/\/portalcatolico.net\/portal\/wp-json\/wp\/v2\/posts\/52467","targetHints":{"allow":["GET"]}}],"collection":[{"href":"http:\/\/portalcatolico.net\/portal\/wp-json\/wp\/v2\/posts"}],"about":[{"href":"http:\/\/portalcatolico.net\/portal\/wp-json\/wp\/v2\/types\/post"}],"author":[{"embeddable":true,"href":"http:\/\/portalcatolico.net\/portal\/wp-json\/wp\/v2\/users\/2"}],"replies":[{"embeddable":true,"href":"http:\/\/portalcatolico.net\/portal\/wp-json\/wp\/v2\/comments?post=52467"}],"version-history":[{"count":5,"href":"http:\/\/portalcatolico.net\/portal\/wp-json\/wp\/v2\/posts\/52467\/revisions"}],"predecessor-version":[{"id":52588,"href":"http:\/\/portalcatolico.net\/portal\/wp-json\/wp\/v2\/posts\/52467\/revisions\/52588"}],"wp:featuredmedia":[{"embeddable":true,"href":"http:\/\/portalcatolico.net\/portal\/wp-json\/wp\/v2\/media\/52468"}],"wp:attachment":[{"href":"http:\/\/portalcatolico.net\/portal\/wp-json\/wp\/v2\/media?parent=52467"}],"wp:term":[{"taxonomy":"category","embeddable":true,"href":"http:\/\/portalcatolico.net\/portal\/wp-json\/wp\/v2\/categories?post=52467"},{"taxonomy":"post_tag","embeddable":true,"href":"http:\/\/portalcatolico.net\/portal\/wp-json\/wp\/v2\/tags?post=52467"}],"curies":[{"name":"wp","href":"https:\/\/api.w.org\/{rel}","templated":true}]}}