{"id":52463,"date":"2018-03-11T21:59:23","date_gmt":"2018-03-12T00:59:23","guid":{"rendered":"http:\/\/portalcatolico.net\/portal\/?p=52463"},"modified":"2018-03-12T06:00:38","modified_gmt":"2018-03-12T09:00:38","slug":"paroquia-em-itabuna-realiza-casamento-comunitario","status":"publish","type":"post","link":"http:\/\/portalcatolico.net\/portal\/paroquia-em-itabuna-realiza-casamento-comunitario\/","title":{"rendered":"Par\u00f3quia em Itabuna realiza Casamento Comunit\u00e1rio"},"content":{"rendered":"<p class=\"m_-5960788718998218087xgmail-msonospacing\"><em>A Pastoral Familiar da\u00a0Par\u00f3quia\u00a0\u00a0Santa Rita de C\u00e1ssia realizou neste s\u00e1bado\u00a0\u00a0(10), o Casamento Comunit\u00e1rio 2018. Oito casais se uniram se em matrim\u00f4nio e trocaram alian\u00e7as com as b\u00ean\u00e7\u00e3os do Senhor.<u><\/u><u><\/u><\/em><\/p>\n<p class=\"m_-5960788718998218087xgmail-msonospacing\"><em>A celebra\u00e7\u00e3o foi presidida pelo Pe. o Frei Jos\u00e9 Alberto dos Santos e teve in\u00edcio \u00e0s 20h. Na homilia, ele explicou a necessidade do homem viver em companhia: \u201cMesmo tendo a presen\u00e7a de Deus, o homem sozinho n\u00e3o poderia viver. O homem precisa de algo semelhante \u00e0 ele. Por isso, com tanta sabedoria, Deus tirou a mulher da costela do homem. Para que assim, um fosse semelhante ao outro\u201d.<u><\/u><u><\/u><\/em><\/p>\n<p class=\"m_-5960788718998218087xgmail-msonospacing\"><em>Antes desse momento, os casais participaram de dez encontros de prepara\u00e7\u00e3o para o matrim\u00f4nio e receberam forma\u00e7\u00f5es. Segundo a coordena\u00e7\u00e3o, foram dez encontros de \u00a0\u00a0prepara\u00e7\u00e3o. Para a coordenadora da Pastoral Familiar, os casais buscaram ter uma participa\u00e7\u00e3o ativa na igreja, inclusive, alguns j\u00e1 ingressaram nos servi\u00e7os pastorais.<u><\/u><u><\/u><\/em><\/p>\n<p class=\"m_-5960788718998218087xgmail-msonospacing\"><em>\u00a0A Pastoral Familiar tamb\u00e9m se compromete em dar acompanhamento aos rec\u00e9m-casados, motivando e incentivando a cada dia, o seu crescimento na f\u00e9 e aos trabalhos comprometidos.<\/em><\/p>\n<p>Confira mais fotos, s\u00f3 clicar: <a href=\"http:\/\/portalcatolico.net\/portal\/index.php\/casamento-comunitario-igreja-de-santa-rita-de-cassia-em-itabuna\/\"><span style=\"color: #ff0000;\">AQUI<\/span><\/a><\/p>\n","protected":false},"excerpt":{"rendered":"<p>A Pastoral Familiar da\u00a0Par\u00f3quia\u00a0\u00a0Santa Rita de C\u00e1ssia realizou neste s\u00e1bado\u00a0\u00a0(10), o Casamento Comunit\u00e1rio 2018. Oito casais se uniram se em matrim\u00f4nio e trocaram alian\u00e7as com as b\u00ean\u00e7\u00e3os do Senhor. A celebra\u00e7\u00e3o foi presidida pelo Pe. o Frei Jos\u00e9 Alberto dos Santos e teve in\u00edcio \u00e0s 20h. Na homilia, ele explicou a necessidade do homem viver&nbsp;<\/p>\n<p><a class=\"btn btn-style\" href=\"http:\/\/portalcatolico.net\/portal\/paroquia-em-itabuna-realiza-casamento-comunitario\/\">Continue Reading<\/a><\/p>\n","protected":false},"author":2,"featured_media":52464,"comment_status":"open","ping_status":"open","sticky":false,"template":"","format":"standard","meta":{"footnotes":""},"categories":[4],"tags":[],"class_list":["post-52463","post","type-post","status-publish","format-standard","has-post-thumbnail","hentry","category-destaques"],"_links":{"self":[{"href":"http:\/\/portalcatolico.net\/portal\/wp-json\/wp\/v2\/posts\/52463","targetHints":{"allow":["GET"]}}],"collection":[{"href":"http:\/\/portalcatolico.net\/portal\/wp-json\/wp\/v2\/posts"}],"about":[{"href":"http:\/\/portalcatolico.net\/portal\/wp-json\/wp\/v2\/types\/post"}],"author":[{"embeddable":true,"href":"http:\/\/portalcatolico.net\/portal\/wp-json\/wp\/v2\/users\/2"}],"replies":[{"embeddable":true,"href":"http:\/\/portalcatolico.net\/portal\/wp-json\/wp\/v2\/comments?post=52463"}],"version-history":[{"count":2,"href":"http:\/\/portalcatolico.net\/portal\/wp-json\/wp\/v2\/posts\/52463\/revisions"}],"predecessor-version":[{"id":52466,"href":"http:\/\/portalcatolico.net\/portal\/wp-json\/wp\/v2\/posts\/52463\/revisions\/52466"}],"wp:featuredmedia":[{"embeddable":true,"href":"http:\/\/portalcatolico.net\/portal\/wp-json\/wp\/v2\/media\/52464"}],"wp:attachment":[{"href":"http:\/\/portalcatolico.net\/portal\/wp-json\/wp\/v2\/media?parent=52463"}],"wp:term":[{"taxonomy":"category","embeddable":true,"href":"http:\/\/portalcatolico.net\/portal\/wp-json\/wp\/v2\/categories?post=52463"},{"taxonomy":"post_tag","embeddable":true,"href":"http:\/\/portalcatolico.net\/portal\/wp-json\/wp\/v2\/tags?post=52463"}],"curies":[{"name":"wp","href":"https:\/\/api.w.org\/{rel}","templated":true}]}}