{"id":52459,"date":"2018-03-11T10:53:59","date_gmt":"2018-03-11T13:53:59","guid":{"rendered":"http:\/\/portalcatolico.net\/portal\/?p=52459"},"modified":"2018-03-12T06:25:07","modified_gmt":"2018-03-12T09:25:07","slug":"pastoral-familiar-realiza-formacao-para-seus-membros-em-itabuna","status":"publish","type":"post","link":"http:\/\/portalcatolico.net\/portal\/pastoral-familiar-realiza-formacao-para-seus-membros-em-itabuna\/","title":{"rendered":"Pastoral Familiar realiza Forma\u00e7\u00e3o para seus membros em Itabuna"},"content":{"rendered":"<p class=\"m_912603843701006554xgmail-msonospacing\">A Comiss\u00e3o Diocesana da Pastoral Familiar\u00a0\u00a0da Diocese de Itabuna realizou forma\u00e7\u00e3o de novos agentes mission\u00e1rios da Pastoral Familiar para atuarem no N\u00facleo de Forma\u00e7\u00e3o e Espiritualidade. O encontro aconteceu neste final de semana no sal\u00e3o paroquial da Matriz de S\u00e3o Jos\u00e9, na cidade de Itabuna (BA), com a participa\u00e7\u00e3o de mais 100 membros de v\u00e1rias par\u00f3quias que comp\u00f5em a Diocese.<u><\/u><u><\/u><\/p>\n<p class=\"m_912603843701006554xgmail-msonospacing\">\u00a0O objetivo do evento foi fazer com que os participantes da forma\u00e7\u00e3o sejam formadores e multiplicadores de novos agentes da Pastoral Familiar nos setores, nas regi\u00f5es pastorais e par\u00f3quias das cidades.<u><\/u><u><\/u><\/p>\n<p class=\"m_912603843701006554xgmail-msonospacing\">Na oportunidade foram apresentadas pela comiss\u00e3o, duas novas comunidades que montaram\u00a0a Pastoral Familiar nas Comunidades. S\u00e3o elas: Nossa Senhora de Guadalupe, que pertence \u00e0 Par\u00f3quia Nossa Senhora Aparecida do bairro Calif\u00f3rnia\u00a0e Comunidade Rainha da Paz que pertence \u00e0 Par\u00f3quia Santa In\u00eas, no bairro Santa In\u00eas.<u><\/u><u><\/u><\/p>\n<p class=\"m_912603843701006554xgmail-msonospacing\">\u00a0A primeira Pastoral Familiar formada nas comunidades fica situada na capela de Nossa Senhora de Guadalupe no bairro Parque Boa Vista em Itabuna.\u00a0<em>Foi um momento muito bom e proveitoso com a presen\u00e7a dos casais vindo\u00a0<\/em><em>de\u00a0<\/em><em>v\u00e1rias par\u00f3quias para atividades para esse primeiro\u00a0\u00a0semestre, visando uma melhor articula\u00e7\u00e3o do trabalho da Pastoral Familiar nas par\u00f3quias.<\/em><u><\/u><u><\/u><\/p>\n<p class=\"m_912603843701006554xgmail-msonospacing\"><em>O Encontro de Forma\u00e7\u00e3o foi realizado nas depend\u00eancias da Par\u00f3quia S\u00e3o Jos\u00e9, no centro da cidade, teve in\u00edcio no s\u00e1bado, \u00e0s 14h e finalizou , \u00e0s 18h.<\/em><em>\u00a0<u><\/u><u><\/u><\/em><\/p>\n<p class=\"m_912603843701006554xgmail-msonospacing\"><em>O evento contou com a participa\u00e7\u00e3o de aproximadamente 100\u00a0\u00a0pessoas. A realiza\u00e7\u00e3o foi da Comiss\u00e3o Diocesana com o apoio dos demais membros da coordena\u00e7\u00e3o diocesana. Contou com a\u00a0\u00a0participa\u00e7\u00e3o dos di\u00e1conos\u00a0<\/em><em>permanentes<\/em><em>\u00a0da Diocese Itabuna,\u00a0\u00a0Ailton Matos e Othon Dantas e a presen\u00e7a do diretor espiritual da Pastoral Familiar, o Padre Alessandro Feitosa.<\/em><u><\/u><u><\/u><\/p>\n<p class=\"m_912603843701006554xgmail-msonospacing\"><em>A Pastoral Familiar Diocesana \u00e9 uma a\u00e7\u00e3o que se realiza na igreja e com a igreja, de forma organizada atrav\u00e9s de agentes espec\u00edficos com metodologia pr\u00f3pria, tendo como objetivo a evangeliza\u00e7\u00e3o das fam\u00edlias. Ela \u00e9 capaz de oferecer instrumentos necess\u00e1rios para a forma\u00e7\u00e3o da fam\u00edlia, e levar a todos a Boa Nova do Sacramento do Matrim\u00f4nio, al\u00e9m de transformar a sociedade pela obra de evangeliza\u00e7\u00e3o humana e crist\u00e3.<\/em><\/p>\n<p class=\"m_912603843701006554xgmail-msonospacing\">Confira as fotos na nossa p\u00e1gina do facebook.<a href=\"https:\/\/www.facebook.com\/portalcatolicooficial\"><span style=\"color: #0000ff;\">CLIQUE AQUI<\/span><\/a><\/p>\n<p><iframe loading=\"lazy\"  id=\"_ytid_39026\"  width=\"480\" height=\"270\"  data-origwidth=\"480\" data-origheight=\"270\" src=\"https:\/\/www.youtube.com\/embed\/jL1EVhQqIaI?enablejsapi=1&#038;autoplay=0&#038;cc_load_policy=0&#038;cc_lang_pref=&#038;iv_load_policy=1&#038;loop=0&#038;rel=1&#038;fs=1&#038;playsinline=0&#038;autohide=2&#038;theme=dark&#038;color=red&#038;controls=1&#038;disablekb=0&#038;\" class=\"__youtube_prefs__  epyt-is-override  no-lazyload\" title=\"YouTube player\"  allow=\"fullscreen; accelerometer; autoplay; clipboard-write; encrypted-media; gyroscope; picture-in-picture; web-share\" referrerpolicy=\"strict-origin-when-cross-origin\" allowfullscreen data-no-lazy=\"1\" data-skipgform_ajax_framebjll=\"\"><\/iframe><\/p>\n","protected":false},"excerpt":{"rendered":"<p>A Comiss\u00e3o Diocesana da Pastoral Familiar\u00a0\u00a0da Diocese de Itabuna realizou forma\u00e7\u00e3o de novos agentes mission\u00e1rios da Pastoral Familiar para atuarem no N\u00facleo de Forma\u00e7\u00e3o e Espiritualidade. O encontro aconteceu neste final de semana no sal\u00e3o paroquial da Matriz de S\u00e3o Jos\u00e9, na cidade de Itabuna (BA), com a participa\u00e7\u00e3o de mais 100 membros de v\u00e1rias&nbsp;<\/p>\n<p><a class=\"btn btn-style\" href=\"http:\/\/portalcatolico.net\/portal\/pastoral-familiar-realiza-formacao-para-seus-membros-em-itabuna\/\">Continue Reading<\/a><\/p>\n","protected":false},"author":2,"featured_media":52460,"comment_status":"open","ping_status":"open","sticky":false,"template":"","format":"standard","meta":{"footnotes":""},"categories":[2],"tags":[],"class_list":["post-52459","post","type-post","status-publish","format-standard","has-post-thumbnail","hentry","category-eventos"],"_links":{"self":[{"href":"http:\/\/portalcatolico.net\/portal\/wp-json\/wp\/v2\/posts\/52459","targetHints":{"allow":["GET"]}}],"collection":[{"href":"http:\/\/portalcatolico.net\/portal\/wp-json\/wp\/v2\/posts"}],"about":[{"href":"http:\/\/portalcatolico.net\/portal\/wp-json\/wp\/v2\/types\/post"}],"author":[{"embeddable":true,"href":"http:\/\/portalcatolico.net\/portal\/wp-json\/wp\/v2\/users\/2"}],"replies":[{"embeddable":true,"href":"http:\/\/portalcatolico.net\/portal\/wp-json\/wp\/v2\/comments?post=52459"}],"version-history":[{"count":4,"href":"http:\/\/portalcatolico.net\/portal\/wp-json\/wp\/v2\/posts\/52459\/revisions"}],"predecessor-version":[{"id":52473,"href":"http:\/\/portalcatolico.net\/portal\/wp-json\/wp\/v2\/posts\/52459\/revisions\/52473"}],"wp:featuredmedia":[{"embeddable":true,"href":"http:\/\/portalcatolico.net\/portal\/wp-json\/wp\/v2\/media\/52460"}],"wp:attachment":[{"href":"http:\/\/portalcatolico.net\/portal\/wp-json\/wp\/v2\/media?parent=52459"}],"wp:term":[{"taxonomy":"category","embeddable":true,"href":"http:\/\/portalcatolico.net\/portal\/wp-json\/wp\/v2\/categories?post=52459"},{"taxonomy":"post_tag","embeddable":true,"href":"http:\/\/portalcatolico.net\/portal\/wp-json\/wp\/v2\/tags?post=52459"}],"curies":[{"name":"wp","href":"https:\/\/api.w.org\/{rel}","templated":true}]}}