{"id":52456,"date":"2018-03-11T19:35:20","date_gmt":"2018-03-11T22:35:20","guid":{"rendered":"http:\/\/portalcatolico.net\/portal\/?p=52456"},"modified":"2018-03-11T19:35:20","modified_gmt":"2018-03-11T22:35:20","slug":"como-fazer-um-jejum-que-agrade-a-deus","status":"publish","type":"post","link":"http:\/\/portalcatolico.net\/portal\/como-fazer-um-jejum-que-agrade-a-deus\/","title":{"rendered":"Como fazer um jejum que agrade a Deus?"},"content":{"rendered":"<p>Ser\u00e1 que existe algum tipo de jejum que n\u00e3o agrada a Deus? Nessa quaresma, uma das coisas que tem me chamado muito a aten\u00e7\u00e3o ao escutar homilias e mesmo as leituras dos textos b\u00edblicos proclamados nas missas, \u00e9 que ao mesmo tempo que exortam \u00e0s pr\u00e1ticas penitenciais, convidam a ir al\u00e9m delas. Tem sido uma experi\u00eancia interessante, que se refor\u00e7a quando lembro da passagem B\u00edblia: \u201cMiseric\u00f3rdia quero, n\u00e3o sacrif\u00edcios\u201d que Jesus parece dizer que ainda n\u00e3o se compreende bem.<\/p>\n<p>Alguns exemplos do que quero dizer: Jesus nos exorta a rezar, mas n\u00e3o como aqueles que o fazem nas pra\u00e7as p\u00fablicas; Ele diz que jejuemos, mas que n\u00e3o fiquemos com a cara triste; Que fa\u00e7amos caridade, mas que a m\u00e3o direita n\u00e3o saiba o que faz a m\u00e3o esquerda. Na pr\u00e1tica, ent\u00e3o, parece que o\u00a0<b>verdadeiro crist\u00e3o que faz quaresma parece passar despercebido<\/b>. Porque tudo que realmente importa est\u00e1 acontecendo no quarto com a porta fechada, por tr\u00e1s da cara feliz que se coloca apesar da fome e sem que ningu\u00e9m (nem a pr\u00f3pria m\u00e3o de alguma forma misteriosa) saiba. Por que isso \u00e9 assim?<\/p>\n<p>Todos sabemos que\u00a0<b>a quaresma \u00e9 um tempo de especial convers\u00e3o<\/b>. E a convers\u00e3o, se bem que ela se expressa no exterior, \u00e9 sobretudo algo que se faz no interior. Santo Agostinho descobriu essa interioridade no homem. No mais \u00edntimo de n\u00f3s mesmos, nos encontramos com um Outro, com o pr\u00f3prio Deus vivendo em n\u00f3s. A convers\u00e3o n\u00e3o \u00e9 um subir uma montanha alt\u00edssima, mas um descer \u00e0s profundezas de n\u00f3s mesmos e viver de acordo com Aquele a quem encontramos l\u00e1. Se fazemos jejum, certamente n\u00e3o \u00e9 para algo exterior, para que nos vejam ou para que percamos alguns quilinhos. \u00c9 para que a fome nos leve a uma outra fome, de uma natureza diferente, sobrenatural, a fome de Deus.<\/p>\n<p><b>Um jejum que n\u00e3o esteja acompanhado de uma vida interior, de uma vida de ora\u00e7\u00e3o, simplesmente n\u00e3o tem sentido<\/b>. Pelo menos n\u00e3o um sentido crist\u00e3o. E muito se fala em outros tipos de jejuns. Jejum de palavras que fazem dano, Jejum de seriados, Jejum de jogos, etc. Pode ser que sejam \u00f3timos meios para ver o quanto estamos apegados a certas coisas e n\u00e3o a Deus. O Jejum cl\u00e1ssico, no entanto, o de comida mesmo, pode acabar ficando em segundo plano. J\u00e1 pensou em n\u00e3o comer aquele prat\u00e3o de comida quando chega de noite cansado? Em um mundo t\u00e3o atirado ao prazer sens\u00edvel, tendo a pensar que tamb\u00e9m o jejum da comida \u00e9 um bom meio para a pr\u00e1tica quaresmal.<\/p>\n<p>O que importa, se estamos tentando ser cat\u00f3licos, \u00e9 que n\u00e3o seja algo simplesmente exterior. Se ningu\u00e9m fica sabendo, ainda o faria? Se \u00e9 s\u00f3 para Deus, ainda o faria? Porque \u00e9 disso que se trata. Na quaresma queremos nos aproximar um pouco mais do Senhor. Nos preparar para celebrar a P\u00e1scoa da Ressurrei\u00e7\u00e3o com o cora\u00e7\u00e3o um pouco mais convertido. Rasgar os cora\u00e7\u00f5es e n\u00e3o as vestes, como disse o profeta. Que n\u00e3o se aplique a n\u00f3s as palavras duras de Jesus quando diz: \u201cHip\u00f3critas! Bem profetizou Isa\u00edas sobre v\u00f3s, denunciando: Este povo me honra com os l\u00e1bios, mas seu cora\u00e7\u00e3o est\u00e1 longe de mim. Em v\u00e3o me adoram; pois ensinam doutrinas que n\u00e3o passam de regras criadas por homens\u201d (Mt 15, 7-9).(A12.com)<\/p>\n<p>Por:Ir. Jo\u00e3o Ant\u00f4nio Johas &#8211; Jovens de Maria<\/p>\n<p>Leigo consagrado do Sodal\u00edcio de Vida Crist\u00e3. Estudante de filosofia em vistas do sacerd\u00f3cio.<\/p>\n","protected":false},"excerpt":{"rendered":"<p>Ser\u00e1 que existe algum tipo de jejum que n\u00e3o agrada a Deus? Nessa quaresma, uma das coisas que tem me chamado muito a aten\u00e7\u00e3o ao escutar homilias e mesmo as leituras dos textos b\u00edblicos proclamados nas missas, \u00e9 que ao mesmo tempo que exortam \u00e0s pr\u00e1ticas penitenciais, convidam a ir al\u00e9m delas. Tem sido uma&nbsp;<\/p>\n<p><a class=\"btn btn-style\" href=\"http:\/\/portalcatolico.net\/portal\/como-fazer-um-jejum-que-agrade-a-deus\/\">Continue Reading<\/a><\/p>\n","protected":false},"author":2,"featured_media":52457,"comment_status":"open","ping_status":"open","sticky":false,"template":"","format":"standard","meta":{"footnotes":""},"categories":[69],"tags":[],"class_list":["post-52456","post","type-post","status-publish","format-standard","has-post-thumbnail","hentry","category-artigos"],"_links":{"self":[{"href":"http:\/\/portalcatolico.net\/portal\/wp-json\/wp\/v2\/posts\/52456","targetHints":{"allow":["GET"]}}],"collection":[{"href":"http:\/\/portalcatolico.net\/portal\/wp-json\/wp\/v2\/posts"}],"about":[{"href":"http:\/\/portalcatolico.net\/portal\/wp-json\/wp\/v2\/types\/post"}],"author":[{"embeddable":true,"href":"http:\/\/portalcatolico.net\/portal\/wp-json\/wp\/v2\/users\/2"}],"replies":[{"embeddable":true,"href":"http:\/\/portalcatolico.net\/portal\/wp-json\/wp\/v2\/comments?post=52456"}],"version-history":[{"count":1,"href":"http:\/\/portalcatolico.net\/portal\/wp-json\/wp\/v2\/posts\/52456\/revisions"}],"predecessor-version":[{"id":52458,"href":"http:\/\/portalcatolico.net\/portal\/wp-json\/wp\/v2\/posts\/52456\/revisions\/52458"}],"wp:featuredmedia":[{"embeddable":true,"href":"http:\/\/portalcatolico.net\/portal\/wp-json\/wp\/v2\/media\/52457"}],"wp:attachment":[{"href":"http:\/\/portalcatolico.net\/portal\/wp-json\/wp\/v2\/media?parent=52456"}],"wp:term":[{"taxonomy":"category","embeddable":true,"href":"http:\/\/portalcatolico.net\/portal\/wp-json\/wp\/v2\/categories?post=52456"},{"taxonomy":"post_tag","embeddable":true,"href":"http:\/\/portalcatolico.net\/portal\/wp-json\/wp\/v2\/tags?post=52456"}],"curies":[{"name":"wp","href":"https:\/\/api.w.org\/{rel}","templated":true}]}}