{"id":52102,"date":"2018-03-09T20:43:51","date_gmt":"2018-03-09T23:43:51","guid":{"rendered":"http:\/\/portalcatolico.net\/portal\/?p=52102"},"modified":"2018-03-09T20:43:51","modified_gmt":"2018-03-09T23:43:51","slug":"papa-o-pecado-tem-como-consequencia-o-afastamento-de-deus","status":"publish","type":"post","link":"http:\/\/portalcatolico.net\/portal\/papa-o-pecado-tem-como-consequencia-o-afastamento-de-deus\/","title":{"rendered":"Papa: o pecado tem como consequ\u00eancia o afastamento de Deus"},"content":{"rendered":"<div class=\"article__subTitle\">&#8220;O pecado \u00e9 uma das modalidades com que n\u00f3s nos afastamos d\u2019Ele; mas isto n\u00e3o significa que Ele se afaste de n\u00f3s&#8221;, disse o Papa Francisco.<\/div>\n<div class=\"title__separator\"><\/div>\n<div class=\"article__text\">\n<p>O Papa Francisco presidiu, na tarde desta sexta-feira (09\/03), a celebra\u00e7\u00e3o penitencial, na Bas\u00edlica de S\u00e3o Pedro, no \u00e2mbito do tradicional evento \u201c24 horas para o Senhor\u201d.<\/p>\n<p>O Pont\u00edfice frisou em sua homilia que &#8220;Deus nos ama de tal maneira que nos tornou seus filhos e, quando O pudermos ver face a face, descobriremos ainda melhor a grandeza deste seu amor&#8221;.<\/p>\n<div>\n<div class=\"article__embed article__embed--border embed_style\">\n<blockquote><p>\u201c E n\u00e3o s\u00f3: o amor de Deus \u00e9 sempre maior de quanto possamos imaginar, estendendo-se para al\u00e9m de qualquer pecado que a nossa consci\u00eancia nos acuse. \u201d<\/p><\/blockquote>\n<\/div>\n<\/div>\n<p>&#8220;N\u00e3o conhece limites, \u00e9 um amor desprovido de confins; n\u00e3o apresenta aqueles obst\u00e1culos que n\u00f3s, ao contr\u00e1rio, costumamos interpor a uma pessoa, pelo receio que venha privar-nos da liberdade.\u201d<\/p>\n<p>O Papa disse ainda que \u201ca condi\u00e7\u00e3o do pecado tem como consequ\u00eancia o afastamento de Deus. E, de fato, o pecado \u00e9 uma das modalidades com que\u00a0<i>n\u00f3s<\/i>\u00a0nos afastamos d\u2019Ele; mas isto n\u00e3o significa que\u00a0<i>Ele<\/i>\u00a0se afaste de n\u00f3s&#8221;.<\/p>\n<div>\n<div class=\"article__embed article__embed--border embed_style\">\n<blockquote><p>\u201c A condi\u00e7\u00e3o de fraqueza e confus\u00e3o, em que o pecado nos coloca, \u00e9 mais um motivo para Deus ficar junto de n\u00f3s; esta certeza deve acompanhar-nos sempre na vida. \u201d<\/p><\/blockquote>\n<\/div>\n<\/div>\n<p>Segundo Francisco, a palavra do Ap\u00f3stolo S\u00e3o Jo\u00e3o &#8220;oferece-nos uma confirma\u00e7\u00e3o disto mesmo para tranquilizar o nosso cora\u00e7\u00e3o, levando-o a ter sempre uma confian\u00e7a inabal\u00e1vel no amor do Pai: \u00abNa sua presen\u00e7a, sentir-se-\u00e1 tranquilo o nosso cora\u00e7\u00e3o, mesmo quando o cora\u00e7\u00e3o nos acuse; pois Deus \u00e9 maior que o nosso cora\u00e7\u00e3o e conhece tudo\u00bb.\u201d<\/p>\n<p><b>\u201cA sua gra\u00e7a continua a trabalhar em n\u00f3s para tornar mais forte a esperan\u00e7a de que nunca estaremos privados do seu amor, apesar de qualquer pecado que possamos ter feito, rejeitando a sua presen\u00e7a na nossa vida.\u201d<\/b><\/p>\n<p>Para o Santo Padre, \u201cesta esperan\u00e7a impele-nos a tomar consci\u00eancia da desorienta\u00e7\u00e3o em que muitas vezes cai a nossa exist\u00eancia, precisamente como sucedeu a Pedro, segundo a narra\u00e7\u00e3o evang\u00e9lica que ouvimos: \u00abNo mesmo instante, o galo cantou. E Pedro lembrou-se das palavras de Jesus: \u201cAntes de o galo cantar, me negar\u00e1s tr\u00eas vezes\u201d. E, saindo para fora, chorou amargamente\u00bb.\u201d<\/p>\n<p>\u201cO evangelista \u00e9 extremamente s\u00f3brio\u201d, sublinhou Francisco. \u201cO canto do galo parece surpreender um homem ainda confuso; depois, ele recorda-se das palavras de Jesus e, finalmente, rasga-se o v\u00e9u e Pedro come\u00e7a a vislumbrar, por entre as l\u00e1grimas, que Deus Se revela em Cristo esbofeteado, insultado, renegado por ele, mas que, por ele, vai morrer&#8221;.<\/p>\n<p>&#8220;Pedro, que teria desejado morrer por Jesus, agora entende que deve deixar que Jesus morra por ele. Pedro queria ensinar o seu Mestre, queria preced\u00ea-Lo; ao contr\u00e1rio, \u00e9 Jesus que vai morrer por Pedro; e isto, Pedro n\u00e3o o compreendera, n\u00e3o o quisera compreender.\u201d<\/p>\n<div>\n<div class=\"article__embed article__embed--border embed_style\">\n<blockquote><p>\u201c Pedro confronta-se agora com o amor do Senhor e, finalmente, compreende que Ele o ama e lhe pede para se deixar amar. \u201d<\/p><\/blockquote>\n<\/div>\n<\/div>\n<p>&#8220;Pedro d\u00e1-se conta de que sempre se recusara a deixar-se amar, sempre se recusara a deixar-se salvar plenamente por Jesus; afinal, n\u00e3o queria, de todo, que Jesus o amasse.\u201d<\/p>\n<p>\u201cComo \u00e9 dif\u00edcil deixar-se amar verdadeiramente! Sempre querer\u00edamos que algo de n\u00f3s n\u00e3o estivesse obrigado \u00e0 gratid\u00e3o, quando, na realidade, somos devedores de tudo, porque Deus \u00e9 o primeiro a amar e, por amor, nos salva totalmente&#8221;.<\/p>\n<p>Francisco convidou a pedir ao &#8220;Senhor a gra\u00e7a de nos dar a conhecer a grandeza do seu amor, que apaga todos os nossos pecados&#8221;. (Vatican News)<\/p>\n<\/div>\n","protected":false},"excerpt":{"rendered":"<p>&#8220;O pecado \u00e9 uma das modalidades com que n\u00f3s nos afastamos d\u2019Ele; mas isto n\u00e3o significa que Ele se afaste de n\u00f3s&#8221;, disse o Papa Francisco. O Papa Francisco presidiu, na tarde desta sexta-feira (09\/03), a celebra\u00e7\u00e3o penitencial, na Bas\u00edlica de S\u00e3o Pedro, no \u00e2mbito do tradicional evento \u201c24 horas para o Senhor\u201d. O Pont\u00edfice&nbsp;<\/p>\n<p><a class=\"btn btn-style\" href=\"http:\/\/portalcatolico.net\/portal\/papa-o-pecado-tem-como-consequencia-o-afastamento-de-deus\/\">Continue Reading<\/a><\/p>\n","protected":false},"author":2,"featured_media":52103,"comment_status":"open","ping_status":"open","sticky":false,"template":"","format":"standard","meta":{"footnotes":""},"categories":[5],"tags":[],"class_list":["post-52102","post","type-post","status-publish","format-standard","has-post-thumbnail","hentry","category-igreja_no_mundo"],"_links":{"self":[{"href":"http:\/\/portalcatolico.net\/portal\/wp-json\/wp\/v2\/posts\/52102","targetHints":{"allow":["GET"]}}],"collection":[{"href":"http:\/\/portalcatolico.net\/portal\/wp-json\/wp\/v2\/posts"}],"about":[{"href":"http:\/\/portalcatolico.net\/portal\/wp-json\/wp\/v2\/types\/post"}],"author":[{"embeddable":true,"href":"http:\/\/portalcatolico.net\/portal\/wp-json\/wp\/v2\/users\/2"}],"replies":[{"embeddable":true,"href":"http:\/\/portalcatolico.net\/portal\/wp-json\/wp\/v2\/comments?post=52102"}],"version-history":[{"count":1,"href":"http:\/\/portalcatolico.net\/portal\/wp-json\/wp\/v2\/posts\/52102\/revisions"}],"predecessor-version":[{"id":52104,"href":"http:\/\/portalcatolico.net\/portal\/wp-json\/wp\/v2\/posts\/52102\/revisions\/52104"}],"wp:featuredmedia":[{"embeddable":true,"href":"http:\/\/portalcatolico.net\/portal\/wp-json\/wp\/v2\/media\/52103"}],"wp:attachment":[{"href":"http:\/\/portalcatolico.net\/portal\/wp-json\/wp\/v2\/media?parent=52102"}],"wp:term":[{"taxonomy":"category","embeddable":true,"href":"http:\/\/portalcatolico.net\/portal\/wp-json\/wp\/v2\/categories?post=52102"},{"taxonomy":"post_tag","embeddable":true,"href":"http:\/\/portalcatolico.net\/portal\/wp-json\/wp\/v2\/tags?post=52102"}],"curies":[{"name":"wp","href":"https:\/\/api.w.org\/{rel}","templated":true}]}}