{"id":52099,"date":"2018-03-09T06:04:28","date_gmt":"2018-03-09T09:04:28","guid":{"rendered":"http:\/\/portalcatolico.net\/portal\/?p=52099"},"modified":"2018-03-09T06:04:28","modified_gmt":"2018-03-09T09:04:28","slug":"tema-e-nomeacoes-do-sinodo-dos-bispos-para-a-pan-amazonia","status":"publish","type":"post","link":"http:\/\/portalcatolico.net\/portal\/tema-e-nomeacoes-do-sinodo-dos-bispos-para-a-pan-amazonia\/","title":{"rendered":"Tema e nomea\u00e7\u00f5es do S\u00ednodo dos Bispos para a Pan-amaz\u00f4nia"},"content":{"rendered":"<div class=\"article__subTitle\">O tema da assembleia especial do S\u00ednodo dos Bispos para a Pan-amaz\u00f4nia \u00e9 \u201cAmaz\u00f4nia: novos caminhos para a Igreja e por uma ecologia integral\u201d.<\/div>\n<div class=\"title__separator\"><\/div>\n<div class=\"article__text\">\n<p>O Papa Francisco estabeleceu que a assembleia especial do S\u00ednodo dos Bispos para a Pan-amaz\u00f4nia, programada para outubro de 2019, ter\u00e1 como tema:\u00a0<b>\u201cAmaz\u00f4nia: novos caminhos para a Igreja e por uma ecologia integral\u201d.<\/b><\/p>\n<p>A not\u00edcia foi divulgada nesta quinta-feira (08\/03). Al\u00e9m do tema foram divulgados os nomes dos membros do Conselho pr\u00e9-sinodal, nomeados pelo Pont\u00edfice, que ir\u00e1 colaborar com a Secretaria Geral na prepara\u00e7\u00e3o dessa assembleia:<\/p>\n<p>1. Cardeal\u00a0<b>Cl\u00e1udio HUMMES,<\/b>\u00a0O.F.M., arcebispo em\u00e9rito de S\u00e3o Paulo (Brasil), presidente da Rede Eclesial Pan-Amaz\u00f4nica (REPAM).<\/p>\n<p>2. Cardeal\u00a0<b>Peter Kodwo Appiah TURKSON<\/b>, Prefeito do Dicast\u00e9rio para o Servi\u00e7o do Desenvolvimento Humano Integral.<\/p>\n<p>3. Cardeal\u00a0<b>Carlos AGUIAR RETES<\/b>, Arcebispo de Cidade do M\u00e9xico (M\u00e9xico).<\/p>\n<p>4. Dom\u00a0<b>Pedro Ricardo BARRETO JIMENO<\/b>, S.I., Arcebispo de Huancayo (Peru), vice-presidente da REPAM.<\/p>\n<p>5. Dom\u00a0<b>Paul Richard GALLAGHER<\/b>, Secret\u00e1rio das Rela\u00e7\u00f5es com os Estados.<\/p>\n<p>6. Dom\u00a0<b>Edmundo Ponciano VALENZUELA MELLID<\/b>, Arcebispo de Assun\u00e7\u00e3o (Paraguai).<\/p>\n<p>7. Dom\u00a0<b>Roque PALOSCHI,<\/b>\u00a0Arcebispo de Porto Velho, Rond\u00f4nia (Brasil).<\/p>\n<p>8. Dom\u00a0<b>Oscar Vicente OJEA,<\/b>\u00a0Bispo de San Isidro, Presidente da Confer\u00eancia Episcopal Argentina.<\/p>\n<p>9. Dom\u00a0<b>Neri Jos\u00e9 TONDELLO<\/b>, Bispo de Ju\u00edna, Mato Grosso (Brasil).<\/p>\n<p>10. Dom\u00a0<b>Karel Martinus CHOENNIE<\/b>, Bispo de Paramaribo (Suriname).<\/p>\n<p>11. Dom\u00a0<b>Erwin KR\u00c4UTLER,\u00a0<\/b>C.PP.S., Prelado em\u00e9rito do Xingu, Par\u00e1 (Brasil).<\/p>\n<p>12. Dom\u00a0<b>Jos\u00e9 \u00c1ngel DIVASS\u00d3N CILVETI,<\/b>\u00a0S.D.B., vig\u00e1rio apost\u00f3lico em\u00e9rito de Puerto Ayacucho (Venezuela).<\/p>\n<p>13. Dom\u00a0<b>Rafael COB GARC\u00cdA<\/b>, vig\u00e1rio apost\u00f3lico de Puyo (Equador).<\/p>\n<p>14. Dom\u00a0<b>Eugenio COTER,<\/b>\u00a0vig\u00e1rio apost\u00f3lico de Pando (Bol\u00edvia).<\/p>\n<p>15. Dom\u00a0<b>Joaqu\u00edn Humberto PINZ\u00d3N G\u00dcIZA,<\/b>\u00a0I.M.C., vig\u00e1rio apost\u00f3lico de Puerto Legu\u00edzamo-Solano (Col\u00f4mbia).<\/p>\n<p>16. Dom\u00a0<b>David MART\u00cdNEZ DE AGUIRRE GUINEA<\/b>, O.P., vig\u00e1rio apost\u00f3lico de Puerto Maldonado (Peru).<\/p>\n<p>17.<b>\u00a0Irm\u00e3 Mar\u00eda Irene LOPES DOS SANTOS<\/b>, S.C.M.S.T.B.G., Delegada da Confedera\u00e7\u00e3o Latino-Americana e Caribenha de Religiosos e Religiosas (CLAR).<\/p>\n<p>18.\u00a0<b>Sr. Mauricio L\u00d3PEZ<\/b>, secret\u00e1rio executivo da REPAM (Equador).<\/p>\n<p>Fonte:Vatican News<\/p>\n<\/div>\n","protected":false},"excerpt":{"rendered":"<p>O tema da assembleia especial do S\u00ednodo dos Bispos para a Pan-amaz\u00f4nia \u00e9 \u201cAmaz\u00f4nia: novos caminhos para a Igreja e por uma ecologia integral\u201d. O Papa Francisco estabeleceu que a assembleia especial do S\u00ednodo dos Bispos para a Pan-amaz\u00f4nia, programada para outubro de 2019, ter\u00e1 como tema:\u00a0\u201cAmaz\u00f4nia: novos caminhos para a Igreja e por uma&nbsp;<\/p>\n<p><a class=\"btn btn-style\" href=\"http:\/\/portalcatolico.net\/portal\/tema-e-nomeacoes-do-sinodo-dos-bispos-para-a-pan-amazonia\/\">Continue Reading<\/a><\/p>\n","protected":false},"author":2,"featured_media":52100,"comment_status":"open","ping_status":"open","sticky":false,"template":"","format":"standard","meta":{"footnotes":""},"categories":[5],"tags":[],"class_list":["post-52099","post","type-post","status-publish","format-standard","has-post-thumbnail","hentry","category-igreja_no_mundo"],"_links":{"self":[{"href":"http:\/\/portalcatolico.net\/portal\/wp-json\/wp\/v2\/posts\/52099","targetHints":{"allow":["GET"]}}],"collection":[{"href":"http:\/\/portalcatolico.net\/portal\/wp-json\/wp\/v2\/posts"}],"about":[{"href":"http:\/\/portalcatolico.net\/portal\/wp-json\/wp\/v2\/types\/post"}],"author":[{"embeddable":true,"href":"http:\/\/portalcatolico.net\/portal\/wp-json\/wp\/v2\/users\/2"}],"replies":[{"embeddable":true,"href":"http:\/\/portalcatolico.net\/portal\/wp-json\/wp\/v2\/comments?post=52099"}],"version-history":[{"count":1,"href":"http:\/\/portalcatolico.net\/portal\/wp-json\/wp\/v2\/posts\/52099\/revisions"}],"predecessor-version":[{"id":52101,"href":"http:\/\/portalcatolico.net\/portal\/wp-json\/wp\/v2\/posts\/52099\/revisions\/52101"}],"wp:featuredmedia":[{"embeddable":true,"href":"http:\/\/portalcatolico.net\/portal\/wp-json\/wp\/v2\/media\/52100"}],"wp:attachment":[{"href":"http:\/\/portalcatolico.net\/portal\/wp-json\/wp\/v2\/media?parent=52099"}],"wp:term":[{"taxonomy":"category","embeddable":true,"href":"http:\/\/portalcatolico.net\/portal\/wp-json\/wp\/v2\/categories?post=52099"},{"taxonomy":"post_tag","embeddable":true,"href":"http:\/\/portalcatolico.net\/portal\/wp-json\/wp\/v2\/tags?post=52099"}],"curies":[{"name":"wp","href":"https:\/\/api.w.org\/{rel}","templated":true}]}}