{"id":52096,"date":"2018-03-08T22:06:49","date_gmt":"2018-03-09T01:06:49","guid":{"rendered":"http:\/\/portalcatolico.net\/portal\/?p=52096"},"modified":"2018-03-08T22:06:49","modified_gmt":"2018-03-09T01:06:49","slug":"maio-vem-repleto-de-novidades-para-a-paroquia-santa-rita-de-cassia-em-itabuna","status":"publish","type":"post","link":"http:\/\/portalcatolico.net\/portal\/maio-vem-repleto-de-novidades-para-a-paroquia-santa-rita-de-cassia-em-itabuna\/","title":{"rendered":"Maio vem repleto de novidades para a Par\u00f3quia Santa Rita de C\u00e1ssia em Itabuna"},"content":{"rendered":"<p class=\"m_-3774506167495136251xmsonormal\"><em>A Par\u00f3quia Santa Rita de C\u00e1ssia est\u00e1 em festa e cheia de novidades! As comemora\u00e7\u00f5es t\u00eam um motivo muito especial: os festejos dos 50 anos de uma par\u00f3quia que possui bastante hist\u00f3ria pra contar. E, falando em hist\u00f3ria, um marco dessa par\u00f3quia ser\u00e1 erguido no dia 12 de maio em sua \u00e1rea externa: o monumento que homenageia o falecido e t\u00e3o saudoso frei Joaquim Cameli.<u><\/u><u><\/u><\/em><\/p>\n<p class=\"m_-3774506167495136251xmsonormal\"><em>A par\u00f3quia tamb\u00e9m celebra a festa de sua padroeira.\u00a0\u00a0E no dia 21 de maio, al\u00e9m de v\u00e1rias autoridades religiosas, a par\u00f3quia vai contar com a ilustr\u00edssima presen\u00e7a do Pe. Paulo Avelino da Arquidiocese de Salvador.\u00a0\u00a0O sacerdote vai visitar a par\u00f3quia pela segunda vez. Ser\u00e1 uma noite de muitas b\u00ean\u00e7\u00e3os, louvor, entre outros momentos de evangeliza\u00e7\u00e3o na igreja matriz.<u><\/u><u><\/u><\/em><\/p>\n<p class=\"m_-3774506167495136251xmsonormal\"><em>Segundo a organiza\u00e7\u00e3o, est\u00e3o sendo esperadas\u00a0caravanas de v\u00e1rias cidades do\u00a0interior\u00a0e\u00a0\u00a0da capital do estado. Com certeza, as comemora\u00e7\u00f5es ser\u00e3o fartas e muito bonitas!<\/em><u><\/u><u><\/u><\/p>\n<p class=\"m_-3774506167495136251xmsonormal\"><em>A Par\u00f3quia Santa Rita C\u00e1ssia pertencente \u00e0 Diocese de Itabuna, no sul da Bahia, e fica situada no bairro S\u00e3o Caetano.<u><\/u><u><\/u><\/em><\/p>\n<p class=\"m_-3774506167495136251xmsonormal\"><em><u><\/u>\u00a0<\/em><em>Informa\u00e7\u00f5es: Valdeni Elias<u><\/u><u><\/u><\/em><\/p>\n<p class=\"m_-3774506167495136251xmsonormal\"><em>Edi\u00e7\u00e3o de texto: Anara Passos<\/em><\/p>\n","protected":false},"excerpt":{"rendered":"<p>A Par\u00f3quia Santa Rita de C\u00e1ssia est\u00e1 em festa e cheia de novidades! As comemora\u00e7\u00f5es t\u00eam um motivo muito especial: os festejos dos 50 anos de uma par\u00f3quia que possui bastante hist\u00f3ria pra contar. E, falando em hist\u00f3ria, um marco dessa par\u00f3quia ser\u00e1 erguido no dia 12 de maio em sua \u00e1rea externa: o monumento&nbsp;<\/p>\n<p><a class=\"btn btn-style\" href=\"http:\/\/portalcatolico.net\/portal\/maio-vem-repleto-de-novidades-para-a-paroquia-santa-rita-de-cassia-em-itabuna\/\">Continue Reading<\/a><\/p>\n","protected":false},"author":2,"featured_media":52097,"comment_status":"open","ping_status":"open","sticky":false,"template":"","format":"standard","meta":{"footnotes":""},"categories":[1],"tags":[],"class_list":["post-52096","post","type-post","status-publish","format-standard","has-post-thumbnail","hentry","category-agenda"],"_links":{"self":[{"href":"http:\/\/portalcatolico.net\/portal\/wp-json\/wp\/v2\/posts\/52096","targetHints":{"allow":["GET"]}}],"collection":[{"href":"http:\/\/portalcatolico.net\/portal\/wp-json\/wp\/v2\/posts"}],"about":[{"href":"http:\/\/portalcatolico.net\/portal\/wp-json\/wp\/v2\/types\/post"}],"author":[{"embeddable":true,"href":"http:\/\/portalcatolico.net\/portal\/wp-json\/wp\/v2\/users\/2"}],"replies":[{"embeddable":true,"href":"http:\/\/portalcatolico.net\/portal\/wp-json\/wp\/v2\/comments?post=52096"}],"version-history":[{"count":1,"href":"http:\/\/portalcatolico.net\/portal\/wp-json\/wp\/v2\/posts\/52096\/revisions"}],"predecessor-version":[{"id":52098,"href":"http:\/\/portalcatolico.net\/portal\/wp-json\/wp\/v2\/posts\/52096\/revisions\/52098"}],"wp:featuredmedia":[{"embeddable":true,"href":"http:\/\/portalcatolico.net\/portal\/wp-json\/wp\/v2\/media\/52097"}],"wp:attachment":[{"href":"http:\/\/portalcatolico.net\/portal\/wp-json\/wp\/v2\/media?parent=52096"}],"wp:term":[{"taxonomy":"category","embeddable":true,"href":"http:\/\/portalcatolico.net\/portal\/wp-json\/wp\/v2\/categories?post=52096"},{"taxonomy":"post_tag","embeddable":true,"href":"http:\/\/portalcatolico.net\/portal\/wp-json\/wp\/v2\/tags?post=52096"}],"curies":[{"name":"wp","href":"https:\/\/api.w.org\/{rel}","templated":true}]}}