{"id":52077,"date":"2018-03-07T21:37:15","date_gmt":"2018-03-08T00:37:15","guid":{"rendered":"http:\/\/portalcatolico.net\/portal\/?p=52077"},"modified":"2018-03-11T18:44:31","modified_gmt":"2018-03-11T21:44:31","slug":"una-confira-a-programacao-das-celebracoes-em-homenagem-a-sao-jose","status":"publish","type":"post","link":"http:\/\/portalcatolico.net\/portal\/una-confira-a-programacao-das-celebracoes-em-homenagem-a-sao-jose\/","title":{"rendered":"Una: Confira a programa\u00e7\u00e3o das celebra\u00e7\u00f5es em homenagem a S\u00e3o Jos\u00e9"},"content":{"rendered":"<p><em>O padre Nerivaldo Azevedo, p\u00e1roco da par\u00f3quia S\u00e3o Jos\u00e9 na cidade de Una, tem a honra e alegria de\u00a0convidar toda a popula\u00e7\u00e3o para a festa do padroeiro da cidade e do munic\u00edpio de Una, no sul da Bahia.\u00a0\u00a0Com o tema central da festa para este de 2018 que ser\u00e1 refletido sobre o ano Nacional do Laicato: \u201cSal da Terra e luz do mundo\u201d(MT.5.13.14).<\/em><u><\/u><u><\/u><\/p>\n<p><em>De acordo com o padre, a partir do dia dez, tem in\u00edcio os preparativos para o grande dia. Sendo assim, todas as noites acontecem a\u00a0\u00a0celebra\u00e7\u00e3o\u00a0da Santa Missa, sempre \u00e0s 19h.<u><\/u><u><\/u><\/em><\/p>\n<p><em>O ponto mais alto da festa acontece no dia 19\/03, feriado no munic\u00edpio. Depois da\u00a0\u00a0missa, tem a tradicional\u00a0\u00a0prociss\u00e3o com a imagem do santo pelas ruas da cidade.<\/em><u><\/u><u><\/u><\/p>\n<p><em>Dia do santo e feriado municipal.<\/em><u><\/u><u><\/u><\/p>\n<p><em>Confira a programa\u00e7\u00e3o:<\/em><u><\/u><u><\/u><\/p>\n<p><em>05h30-Alvorada e repicar dos sinos<\/em><u><\/u><u><\/u><\/p>\n<p><em>06h-Missa pelos trabalhadores e b\u00ean\u00e7\u00e3o das carteiras de trabalho<\/em><u><\/u><u><\/u><\/p>\n<p><em>08h-Reza do Santo Ter\u00e7o e Ladainha de S\u00e3o Jos\u00e9<\/em><u><\/u><u><\/u><\/p>\n<p><em>09h-Missa e b\u00ean\u00e7\u00e3o dos enfermos<\/em><u><\/u><u><\/u><\/p>\n<p><em>16h30-Missa Solene em honra a S\u00e3o Jos\u00e9 e b\u00ean\u00e7\u00e3o das velas<\/em><u><\/u><u><\/u><\/p>\n<p><em>18h-Procissao Luminosa com a imagem de S\u00e3o Jos\u00e9 pelas ruas da cidade<\/em><u><\/u><u><\/u><\/p>\n<p><em>19h30-Encerramento e b\u00ean\u00e7\u00e3o do Sant\u00edssimo Sacramento.<\/em><\/p>\n<p>Texto:Reda\u00e7\u00e3o Portal Cat\u00f3lico<\/p>\n<p><strong>CLIQUE AQUI<\/strong>:\u00a0<a href=\"http:\/\/portalcatolico.net\/portal\/wp-content\/uploads\/2018\/03\/FOLDER-1.pdf\">FOLDER (1)<\/a><\/p>\n<p><em>\u00a0<\/em><\/p>\n<p>&nbsp;<\/p>\n","protected":false},"excerpt":{"rendered":"<p>O padre Nerivaldo Azevedo, p\u00e1roco da par\u00f3quia S\u00e3o Jos\u00e9 na cidade de Una, tem a honra e alegria de\u00a0convidar toda a popula\u00e7\u00e3o para a festa do padroeiro da cidade e do munic\u00edpio de Una, no sul da Bahia.\u00a0\u00a0Com o tema central da festa para este de 2018 que ser\u00e1 refletido sobre o ano Nacional do&nbsp;<\/p>\n<p><a class=\"btn btn-style\" href=\"http:\/\/portalcatolico.net\/portal\/una-confira-a-programacao-das-celebracoes-em-homenagem-a-sao-jose\/\">Continue Reading<\/a><\/p>\n","protected":false},"author":2,"featured_media":52079,"comment_status":"open","ping_status":"open","sticky":false,"template":"","format":"standard","meta":{"footnotes":""},"categories":[1],"tags":[],"class_list":["post-52077","post","type-post","status-publish","format-standard","has-post-thumbnail","hentry","category-agenda"],"_links":{"self":[{"href":"http:\/\/portalcatolico.net\/portal\/wp-json\/wp\/v2\/posts\/52077","targetHints":{"allow":["GET"]}}],"collection":[{"href":"http:\/\/portalcatolico.net\/portal\/wp-json\/wp\/v2\/posts"}],"about":[{"href":"http:\/\/portalcatolico.net\/portal\/wp-json\/wp\/v2\/types\/post"}],"author":[{"embeddable":true,"href":"http:\/\/portalcatolico.net\/portal\/wp-json\/wp\/v2\/users\/2"}],"replies":[{"embeddable":true,"href":"http:\/\/portalcatolico.net\/portal\/wp-json\/wp\/v2\/comments?post=52077"}],"version-history":[{"count":14,"href":"http:\/\/portalcatolico.net\/portal\/wp-json\/wp\/v2\/posts\/52077\/revisions"}],"predecessor-version":[{"id":52455,"href":"http:\/\/portalcatolico.net\/portal\/wp-json\/wp\/v2\/posts\/52077\/revisions\/52455"}],"wp:featuredmedia":[{"embeddable":true,"href":"http:\/\/portalcatolico.net\/portal\/wp-json\/wp\/v2\/media\/52079"}],"wp:attachment":[{"href":"http:\/\/portalcatolico.net\/portal\/wp-json\/wp\/v2\/media?parent=52077"}],"wp:term":[{"taxonomy":"category","embeddable":true,"href":"http:\/\/portalcatolico.net\/portal\/wp-json\/wp\/v2\/categories?post=52077"},{"taxonomy":"post_tag","embeddable":true,"href":"http:\/\/portalcatolico.net\/portal\/wp-json\/wp\/v2\/tags?post=52077"}],"curies":[{"name":"wp","href":"https:\/\/api.w.org\/{rel}","templated":true}]}}