{"id":52074,"date":"2018-03-07T21:16:44","date_gmt":"2018-03-08T00:16:44","guid":{"rendered":"http:\/\/portalcatolico.net\/portal\/?p=52074"},"modified":"2018-03-07T21:40:42","modified_gmt":"2018-03-08T00:40:42","slug":"paroquia-da-diocese-de-ilheus-preparam-celebracoes-em-homenagem-a-sao-jose","status":"publish","type":"post","link":"http:\/\/portalcatolico.net\/portal\/paroquia-da-diocese-de-ilheus-preparam-celebracoes-em-homenagem-a-sao-jose\/","title":{"rendered":"Par\u00f3quias da Diocese de Ilh\u00e9us preparam celebra\u00e7\u00f5es em homenagem a S\u00e3o Jos\u00e9"},"content":{"rendered":"<p class=\"m_2687101298155064422xgmail-msonospacing\"><em>De 10 a 19 de mar\u00e7o, tr\u00eas par\u00f3quias da Diocese de Ilh\u00e9us, no sul da Bahia,\u00a0estar\u00e3o promovendo a Novena e Festa do glorioso S\u00e3o\u00a0\u00a0Jos\u00e9, nas cidades de Gandu, Ibirataia e Nova Ibi\u00e1.<u><\/u><u><\/u><\/em><\/p>\n<p class=\"m_2687101298155064422xgmail-msonospacing\"><em>O grande dia festivo acontecer\u00e1 em 19 de mar\u00e7o (segunda-feira), que ser\u00e1 feriado municipal nas cidades citadas.<u><\/u><u><\/u><\/em><\/p>\n<p class=\"m_2687101298155064422xgmail-msonospacing\"><em>Est\u00e1 prevista a participa\u00e7\u00e3o do bispo diocesano de Ilh\u00e9us, Dom Mauro Montagnoli, em todas elas.<u><\/u><u><\/u><\/em><\/p>\n<p class=\"m_2687101298155064422xgmail-msonospacing\"><em>Al\u00e9m das par\u00f3quias, as capelas tamb\u00e9m v\u00e3o festejar seus padroeiros com Tr\u00edduo ou novena, sempre a partir das 19h.<u><\/u><u><\/u><\/em><\/p>\n<p class=\"m_2687101298155064422xgmail-msonospacing\"><em>\u00a0Este ano, a reflex\u00e3o ser\u00e1 em torno do Ano\u00a0Nacional sobre o Laicato.<\/em><u><\/u><u><\/u><\/p>\n<p class=\"m_2687101298155064422xgmail-msonospacing\"><em>Participe!<\/em><\/p>\n<p class=\"m_2687101298155064422xgmail-msonospacing\">Texto:Reda\u00e7\u00e3o Portal Cat\u00f3lico<\/p>\n","protected":false},"excerpt":{"rendered":"<p>De 10 a 19 de mar\u00e7o, tr\u00eas par\u00f3quias da Diocese de Ilh\u00e9us, no sul da Bahia,\u00a0estar\u00e3o promovendo a Novena e Festa do glorioso S\u00e3o\u00a0\u00a0Jos\u00e9, nas cidades de Gandu, Ibirataia e Nova Ibi\u00e1. O grande dia festivo acontecer\u00e1 em 19 de mar\u00e7o (segunda-feira), que ser\u00e1 feriado municipal nas cidades citadas. Est\u00e1 prevista a participa\u00e7\u00e3o do bispo&nbsp;<\/p>\n<p><a class=\"btn btn-style\" href=\"http:\/\/portalcatolico.net\/portal\/paroquia-da-diocese-de-ilheus-preparam-celebracoes-em-homenagem-a-sao-jose\/\">Continue Reading<\/a><\/p>\n","protected":false},"author":2,"featured_media":52075,"comment_status":"open","ping_status":"open","sticky":false,"template":"","format":"standard","meta":{"footnotes":""},"categories":[1],"tags":[],"class_list":["post-52074","post","type-post","status-publish","format-standard","has-post-thumbnail","hentry","category-agenda"],"_links":{"self":[{"href":"http:\/\/portalcatolico.net\/portal\/wp-json\/wp\/v2\/posts\/52074","targetHints":{"allow":["GET"]}}],"collection":[{"href":"http:\/\/portalcatolico.net\/portal\/wp-json\/wp\/v2\/posts"}],"about":[{"href":"http:\/\/portalcatolico.net\/portal\/wp-json\/wp\/v2\/types\/post"}],"author":[{"embeddable":true,"href":"http:\/\/portalcatolico.net\/portal\/wp-json\/wp\/v2\/users\/2"}],"replies":[{"embeddable":true,"href":"http:\/\/portalcatolico.net\/portal\/wp-json\/wp\/v2\/comments?post=52074"}],"version-history":[{"count":2,"href":"http:\/\/portalcatolico.net\/portal\/wp-json\/wp\/v2\/posts\/52074\/revisions"}],"predecessor-version":[{"id":52081,"href":"http:\/\/portalcatolico.net\/portal\/wp-json\/wp\/v2\/posts\/52074\/revisions\/52081"}],"wp:featuredmedia":[{"embeddable":true,"href":"http:\/\/portalcatolico.net\/portal\/wp-json\/wp\/v2\/media\/52075"}],"wp:attachment":[{"href":"http:\/\/portalcatolico.net\/portal\/wp-json\/wp\/v2\/media?parent=52074"}],"wp:term":[{"taxonomy":"category","embeddable":true,"href":"http:\/\/portalcatolico.net\/portal\/wp-json\/wp\/v2\/categories?post=52074"},{"taxonomy":"post_tag","embeddable":true,"href":"http:\/\/portalcatolico.net\/portal\/wp-json\/wp\/v2\/tags?post=52074"}],"curies":[{"name":"wp","href":"https:\/\/api.w.org\/{rel}","templated":true}]}}