{"id":52071,"date":"2018-03-07T19:38:56","date_gmt":"2018-03-07T22:38:56","guid":{"rendered":"http:\/\/portalcatolico.net\/portal\/?p=52071"},"modified":"2018-03-07T19:38:56","modified_gmt":"2018-03-07T22:38:56","slug":"paulo-vi-e-dom-romero-serao-santos-papa-autoriza-os-decretos","status":"publish","type":"post","link":"http:\/\/portalcatolico.net\/portal\/paulo-vi-e-dom-romero-serao-santos-papa-autoriza-os-decretos\/","title":{"rendered":"Paulo VI e Dom Romero ser\u00e3o santos. Papa autoriza os Decretos"},"content":{"rendered":"<p>O Papa Francisco recebeu em audi\u00eancia s\u00e1bado passado o prefeito da Congrega\u00e7\u00e3o das Causas dos Santos, Card. \u00c2ngelo Amato, durante a qual autorizou os Decretos referentes a Paulo VI e Dom Romero.<\/p>\n<p>Paulo VI e Dom Romero ser\u00e3o santos: o Papa Francisco autorizou a Congrega\u00e7\u00e3o das Causas dos Santos a promulgar os Decretos que reconhecem os milagres atribu\u00eddos \u00e0 intercess\u00e3o dos Beatos Paulo VI e Oscar Arnolfo Romero Gald\u00e1mez.<\/p>\n<p>O pr\u00f3prio Papa j\u00e1 havia anunciado que Paulo VI seria canonizado at\u00e9 o final do ano, durante seu encontro com os p\u00e1rocos de Roma em 15 de fevereiro passado. Naquela ocasi\u00e3o, o Papa disse que Paulo VI foi corajoso em seu \u2018humilde e prof\u00e9tico testemunho de amor a Cristo e \u00e0 sua Igreja\u2019.<\/p>\n<h2>Humildade e coragem<\/h2>\n<p>Giovanni Battista Montini nasceu em Concesio, Br\u00e9scia, na regi\u00e3o italiana da Lombardia, e foi ordenado aos 22 anos.<\/p>\n<p>Doutor em filosofia, direito civil e direito can\u00f4nico, serviu a diplomacia da Santa S\u00e9 e a pastoral universit\u00e1ria italiana. A partir de 1937, foi colaborador direto do Papa Pio XII. Durante II Guerra Mundial, no Vaticano, se ocupou da ajuda aos refugiados e aos judeus.<\/p>\n<p>Em 1954, foi nomeado arcebispo de Mil\u00e3o. Criado cardeal pelo Papa Jo\u00e3o XXIII em 1958, participou nos trabalhos preparat\u00f3rios do Conc\u00edlio Vaticano II.<\/p>\n<p>Em 21 de junho de 1963 foi eleito Papa. Paulo VI escreveu sete enc\u00edclicas, entre as quais a \u2018Humanae vitae\u2019 (1968) e a \u2018Populorum progressio\u2019 (1967).<br \/>\nFoi o primeiro Papa a fazer viagens internacionais, tendo visitado Terra Santa, EUA, \u00cdndia, Portugal, Turquia, Filipinas e Austr\u00e1lia, dentre outros.<\/p>\n<p>Na homilia de beatifica\u00e7\u00e3o de Paulo VI, em 19 de outubro de 2014, Francisco disse que \u201cenquanto se perfilava uma sociedade secularizada e hostil, ele soube reger com clarividente sabedoria \u2013 e \u00e0s vezes em solid\u00e3o \u2013 o tim\u00e3o da barca de Pedro, sem nunca perder a alegria e a confian\u00e7a no Senhor\u201d.<\/p>\n<p>\u201cVerdadeiramente Paulo VI soube \u00abdar a Deus o que \u00e9 de Deus\u00bb\u201d, disse Francisco.<\/p>\n<h2>Bispo dos pobres<\/h2>\n<p>O outro futuro grande santo \u00e9 Beato Oscar Arnolfo Romero Gald\u00e1mez, Arcebispo de San Salvador e m\u00e1rtir.<br \/>\nDom Oscar Romero nasceu em Ciudad Barrios (El Salvador) em 15 de agosto de 1917 e foi assassinado na capital salvadorenha em 24 de mar\u00e7o de 1980.<\/p>\n<p>O Papa Francisco enviou uma\u00a0carta\u00a0ao Arcebispo de San Salvador por ocasi\u00e3o da beatifica\u00e7\u00e3o de Dom Romero em 23 de maio de 2015. Assim o Pont\u00edfice recordou o legado do futuro santo:<\/p>\n<p>\u201cEm tempos de conviv\u00eancia dif\u00edcil, D. Romero soube guiar, defender e proteger o seu rebanho, permanecendo fiel ao Evangelho e em comunh\u00e3o com a Igreja inteira. O seu minist\u00e9rio distinguiu-se por uma aten\u00e7\u00e3o especial aos mais pobres e aos marginalizados. E no momento da sua morte, enquanto celebrava o Santo Sacrif\u00edcio do amor e da reconcilia\u00e7\u00e3o, recebeu a gra\u00e7a de se identificar plenamente com Aquele que entregou a vida pelas suas ovelhas. (&#8230;) D. Romero convida-nos ao bom senso e \u00e0 reflex\u00e3o, ao respeito pela vida e \u00e0 conc\u00f3rdia. \u00c9 necess\u00e1rio renunciar \u00e0 \u00abviol\u00eancia da espada, do \u00f3dio\u00bb, e viver \u00aba viol\u00eancia do amor, que nos deixou Cristo pregado numa cruz, aquela que cada um deve fazer a si mesmo para vencer os pr\u00f3prios ego\u00edsmos e a fim de que n\u00e3o haja desigualdades t\u00e3o cru\u00e9is entre n\u00f3s\u00bb.&#8221;<\/p>\n<h2>Milagres e virtudes heroicas<\/h2>\n<p>Nos Decretos da Congrega\u00e7\u00e3o das Causas dos Santos autorizados pelo Papa Francisco constam ainda o reconhecimento dos seguintes milagres e virtudes heroicas:<br \/>\n&#8211; o milagre atribu\u00eddo \u00e0 intercess\u00e3o do Beato Francesco Spinelli, Sacerdote diocesano, Fundador da Instituto das Irm\u00e3s Adoradoras do Sant\u00edssimo Sacramento (It\u00e1lia);<br \/>\n&#8211; o milagre atribu\u00eddo \u00e0 intercess\u00e3o do Beato Vincenzo Romano, Sacerdote diocesano (It\u00e1lia);<br \/>\n&#8211; o milagre atribu\u00eddo \u00e0 intercess\u00e3o da Beata Maria Caterina Kasper, Fundadora do Instituto das Pobres Servas de Jesus Cristo (Alemanha);<br \/>\n&#8211; o milagre atribu\u00eddo \u00e0 intercess\u00e3o da Vener\u00e1vel Serva de Deus Maria Fel\u00edcia de Jesus Sacramentado, Irm\u00e3 professa da Ordem dos Carmelitas Descal\u00e7os (Paraguai);<br \/>\n&#8211; o mart\u00edrio da Serva de Deus Anna Koles\u00e1rov\u00e1, leiga, assassinado por \u00f3dio \u00e0 f\u00e9 em 1944 (Eslov\u00e1quia);<br \/>\n&#8211; as virtudes heroicas do Servo de Deus Bernardo \u0141ubie\u0144ski, Sacerdote professo da Congrega\u00e7\u00e3o do Sant\u00edssimo Redentor (Pol\u00f4nia);<br \/>\n&#8211; as virtudes heroicas do Servo de Deus Cecilio Maria Cortinovis, Religioso professo da Ordem dos Frades Menores Capuchinhos (It\u00e1lia);<br \/>\n&#8211; as virtudes heroicas da Serva de Deus Giustina Schiapparoli, Fundadora da Congrega\u00e7\u00e3o das Irm\u00e3s Beneditinas da Divina Provid\u00eancia de Voghera (It\u00e1lia);<br \/>\n&#8211; as virtudes heroicas da Serva de Deus Maria Schiapparoli, Fundadora da Congrega\u00e7\u00e3o das Irm\u00e3s Beneditinas da Divina Provid\u00eancia de Voghera (It\u00e1lia);<br \/>\n&#8211; as virtudes heroicas da Serva de Deus Maria Antonella Bordoni, Leiga, Fundadora da Fraternidade das Pequenas Filhas da M\u00e3e de Deus (It\u00e1lia);<br \/>\n&#8211; as virtudes heroicas da Serva de Deus Alessandra Sabattini, Leiga (It\u00e1lia).(Vatican News)<\/p>\n","protected":false},"excerpt":{"rendered":"<p>O Papa Francisco recebeu em audi\u00eancia s\u00e1bado passado o prefeito da Congrega\u00e7\u00e3o das Causas dos Santos, Card. \u00c2ngelo Amato, durante a qual autorizou os Decretos referentes a Paulo VI e Dom Romero. Paulo VI e Dom Romero ser\u00e3o santos: o Papa Francisco autorizou a Congrega\u00e7\u00e3o das Causas dos Santos a promulgar os Decretos que reconhecem&nbsp;<\/p>\n<p><a class=\"btn btn-style\" href=\"http:\/\/portalcatolico.net\/portal\/paulo-vi-e-dom-romero-serao-santos-papa-autoriza-os-decretos\/\">Continue Reading<\/a><\/p>\n","protected":false},"author":2,"featured_media":52072,"comment_status":"open","ping_status":"open","sticky":false,"template":"","format":"standard","meta":{"footnotes":""},"categories":[5],"tags":[],"class_list":["post-52071","post","type-post","status-publish","format-standard","has-post-thumbnail","hentry","category-igreja_no_mundo"],"_links":{"self":[{"href":"http:\/\/portalcatolico.net\/portal\/wp-json\/wp\/v2\/posts\/52071","targetHints":{"allow":["GET"]}}],"collection":[{"href":"http:\/\/portalcatolico.net\/portal\/wp-json\/wp\/v2\/posts"}],"about":[{"href":"http:\/\/portalcatolico.net\/portal\/wp-json\/wp\/v2\/types\/post"}],"author":[{"embeddable":true,"href":"http:\/\/portalcatolico.net\/portal\/wp-json\/wp\/v2\/users\/2"}],"replies":[{"embeddable":true,"href":"http:\/\/portalcatolico.net\/portal\/wp-json\/wp\/v2\/comments?post=52071"}],"version-history":[{"count":1,"href":"http:\/\/portalcatolico.net\/portal\/wp-json\/wp\/v2\/posts\/52071\/revisions"}],"predecessor-version":[{"id":52073,"href":"http:\/\/portalcatolico.net\/portal\/wp-json\/wp\/v2\/posts\/52071\/revisions\/52073"}],"wp:featuredmedia":[{"embeddable":true,"href":"http:\/\/portalcatolico.net\/portal\/wp-json\/wp\/v2\/media\/52072"}],"wp:attachment":[{"href":"http:\/\/portalcatolico.net\/portal\/wp-json\/wp\/v2\/media?parent=52071"}],"wp:term":[{"taxonomy":"category","embeddable":true,"href":"http:\/\/portalcatolico.net\/portal\/wp-json\/wp\/v2\/categories?post=52071"},{"taxonomy":"post_tag","embeddable":true,"href":"http:\/\/portalcatolico.net\/portal\/wp-json\/wp\/v2\/tags?post=52071"}],"curies":[{"name":"wp","href":"https:\/\/api.w.org\/{rel}","templated":true}]}}