{"id":52068,"date":"2018-03-07T11:58:40","date_gmt":"2018-03-07T14:58:40","guid":{"rendered":"http:\/\/portalcatolico.net\/portal\/?p=52068"},"modified":"2018-03-07T11:58:40","modified_gmt":"2018-03-07T14:58:40","slug":"papa-nomeia-bispo-auxiliar-para-a-diocese-de-sao-carlos-sp","status":"publish","type":"post","link":"http:\/\/portalcatolico.net\/portal\/papa-nomeia-bispo-auxiliar-para-a-diocese-de-sao-carlos-sp\/","title":{"rendered":"Papa nomeia bispo auxiliar para a diocese de S\u00e3o Carlos (SP)"},"content":{"rendered":"<p>O papa Francisco nomeou o padre Eduardo Malaspina como bispo-auxiliar da diocese S\u00e3o Carlos (SP) e titular de \u201cPupiana\u201d. A not\u00edcia foi publicada hoje, 07 de mar\u00e7o, pelo jornal \u201cL\u00b4Osservatore Romano\u201d.<\/p>\n<p>Dom Eduardo Malaspina nasceu em Tabatinga (SP) em 12 de julho de 1967. Depois de concluir o semin\u00e1rio menor (1982-1984) e a faculdade de Filosofia no semin\u00e1rio diocesano de S\u00e3o Carlos (1985-1987), fez Teologia na Pontif\u00edcia Universidade Cat\u00f3lica de Campinas ( 1988-1991). \u00c9 licenciado em Filosofia pelo Claretiano \u2013 Centro Universit\u00e1rio e fez Ci\u00eancia da Comunica\u00e7\u00e3o Social, na Universidade Salesiana, em Roma. Concluiu jornalismo na Universidade do Sagrado Cora\u00e7\u00e3o em Bauru (2001-2004) e mestrado em Teologia Pastoral na faculdade de teologia Nossa Senhora da Assun\u00e7\u00e3o, da Pontif\u00edcia Universidade Cat\u00f3lica de S\u00e3o Paulo, de 2009-2012.<\/p>\n<p>O religioso ocupou os seguintes encargos: vig\u00e1rio paroquial da par\u00f3quia Nossa Senhora do Patroc\u00ednio, em Jau (1992); Administrador paroquial da par\u00f3quia Nossa Senhora Aparecida, em Am\u00e9rico Brasiliense (SP) de 1992 a 1999; Secret\u00e1rio diocesano de Pastoral e Coordenador Diocesano da Pastoral da diocese de S\u00e3o Carlos, de 2000 a 2008; Representante dos presb\u00edteros da diocese em diversos encontros nacionais de presb\u00edteros (ENP). Tamb\u00e9m foi professor do semin\u00e1rio do Proped\u00eautico e do Instituto de Filosofia S\u00e3o Tom\u00e1s de Aquino (INFISTA) da diocese. Foi membro do Conselho de Presb\u00edteros e do Col\u00e9gio de Consultores e chanceler do Bispado de 2013 a 2017. Atualmente \u00e9 p\u00e1roco da par\u00f3quia de S\u00e3o Nicolau de Fl\u00fce em S\u00e3o Carlos (SP) e vig\u00e1rio geral da diocese.<\/p>\n<p><strong>Sauda\u00e7\u00e3o<\/strong><\/p>\n<p>Dom Leonardo Steiner, secret\u00e1rio-geral da CNBB, enviou na manh\u00e3 desta quarta-feira, dia 07 de mar\u00e7o, mensagem de sauda\u00e7\u00e3o a dom Eduardo Malaspina que assume a diocese S\u00e3o Carlos (SP).<\/p>\n<p>No texto, dom Leonardo lembra as palavras do papa Francisco dirigida aos bispos de Bangladesh no final do ano passado: \u201cO bispo \u00e9 algu\u00e9m que est\u00e1 presente e est\u00e1 pr\u00f3ximo \u201d.<\/p>\n<p>Leia a Mensagem:<\/p>\n<p><strong>Sauda\u00e7\u00e3o da CNBB ao padre Eduardo Malaspina<\/strong><\/p>\n<p>Bras\u00edlia-DF, 07 de mar\u00e7o de 2018<\/p>\n<p>Prezado padre Eduardo Malaspina,<\/p>\n<p>A Confer\u00eancia Nacional dos Bispos do Brasil (CNBB) se alegra com not\u00edcia de que o papa Francisco o nomeou bispo auxiliar da diocese paulista de S\u00e3o Carlos. Aceite a fraterna acolhida da nossa Confer\u00eancia Episcopal.<\/p>\n<p>Seu itiner\u00e1rio, at\u00e9 aqui, nos mostra s\u00f3lida forma\u00e7\u00e3o acad\u00eamica no campo da Teologia, da Pastoral e da Comunica\u00e7\u00e3o Social, al\u00e9m da sua significativa passagem pela forma\u00e7\u00e3o do Clero. Sua experi\u00eancia de vida e servi\u00e7o nos leva a esperar a boa qualidade do aux\u00edlio que o senhor prestar\u00e1 a dom Paulo Cezar Costa.<\/p>\n<p>Saudamos sua nomea\u00e7\u00e3o com uma palavra do papa Francisco dirigida aos bispos de Bangladesh no final do ano de 2017: \u201c<em>O bispo \u00e9 algu\u00e9m que est\u00e1 presente e est\u00e1 pr\u00f3ximo. Sempre. Repito: perseverar neste minist\u00e9rio de presen\u00e7a, o \u00fanico que pode estreitar la\u00e7os de comunh\u00e3o unindo-vos aos vossos sacerdotes, que s\u00e3o vossos irm\u00e3os, filhos e colaboradores na vinha do Senhor, e aos religiosos e religiosas que prestam uma contribui\u00e7\u00e3o fundamental para a vida cat\u00f3lica\u2026<\/em>\u201d.<\/p>\n<p>Enviamos um abra\u00e7o a dom Paulo Cezar e felicitamos os fi\u00e9is das comunidades da diocese S\u00e3o Carlos.<\/p>\n<p>Em Cristo,<\/p>\n<p><strong>Dom Leonardo Ulrich Steiner<\/strong><br \/>\nBispo Auxiliar de Bras\u00edlia-DF<br \/>\nSecret\u00e1rio-Geral da CNBB<\/p>\n<p>Informa\u00e7\u00f5es do site oficial da CNBB<\/p>\n","protected":false},"excerpt":{"rendered":"<p>O papa Francisco nomeou o padre Eduardo Malaspina como bispo-auxiliar da diocese S\u00e3o Carlos (SP) e titular de \u201cPupiana\u201d. A not\u00edcia foi publicada hoje, 07 de mar\u00e7o, pelo jornal \u201cL\u00b4Osservatore Romano\u201d. Dom Eduardo Malaspina nasceu em Tabatinga (SP) em 12 de julho de 1967. Depois de concluir o semin\u00e1rio menor (1982-1984) e a faculdade de&nbsp;<\/p>\n<p><a class=\"btn btn-style\" href=\"http:\/\/portalcatolico.net\/portal\/papa-nomeia-bispo-auxiliar-para-a-diocese-de-sao-carlos-sp\/\">Continue Reading<\/a><\/p>\n","protected":false},"author":2,"featured_media":52069,"comment_status":"open","ping_status":"open","sticky":false,"template":"","format":"standard","meta":{"footnotes":""},"categories":[4],"tags":[],"class_list":["post-52068","post","type-post","status-publish","format-standard","has-post-thumbnail","hentry","category-destaques"],"_links":{"self":[{"href":"http:\/\/portalcatolico.net\/portal\/wp-json\/wp\/v2\/posts\/52068","targetHints":{"allow":["GET"]}}],"collection":[{"href":"http:\/\/portalcatolico.net\/portal\/wp-json\/wp\/v2\/posts"}],"about":[{"href":"http:\/\/portalcatolico.net\/portal\/wp-json\/wp\/v2\/types\/post"}],"author":[{"embeddable":true,"href":"http:\/\/portalcatolico.net\/portal\/wp-json\/wp\/v2\/users\/2"}],"replies":[{"embeddable":true,"href":"http:\/\/portalcatolico.net\/portal\/wp-json\/wp\/v2\/comments?post=52068"}],"version-history":[{"count":1,"href":"http:\/\/portalcatolico.net\/portal\/wp-json\/wp\/v2\/posts\/52068\/revisions"}],"predecessor-version":[{"id":52070,"href":"http:\/\/portalcatolico.net\/portal\/wp-json\/wp\/v2\/posts\/52068\/revisions\/52070"}],"wp:featuredmedia":[{"embeddable":true,"href":"http:\/\/portalcatolico.net\/portal\/wp-json\/wp\/v2\/media\/52069"}],"wp:attachment":[{"href":"http:\/\/portalcatolico.net\/portal\/wp-json\/wp\/v2\/media?parent=52068"}],"wp:term":[{"taxonomy":"category","embeddable":true,"href":"http:\/\/portalcatolico.net\/portal\/wp-json\/wp\/v2\/categories?post=52068"},{"taxonomy":"post_tag","embeddable":true,"href":"http:\/\/portalcatolico.net\/portal\/wp-json\/wp\/v2\/tags?post=52068"}],"curies":[{"name":"wp","href":"https:\/\/api.w.org\/{rel}","templated":true}]}}