{"id":52065,"date":"2018-03-07T04:52:04","date_gmt":"2018-03-07T07:52:04","guid":{"rendered":"http:\/\/portalcatolico.net\/portal\/?p=52065"},"modified":"2018-03-07T11:59:30","modified_gmt":"2018-03-07T14:59:30","slug":"bispos-do-regional-nordeste-3-da-cnbb-participam-de-assembleia","status":"publish","type":"post","link":"http:\/\/portalcatolico.net\/portal\/bispos-do-regional-nordeste-3-da-cnbb-participam-de-assembleia\/","title":{"rendered":"Bispos do Regional Nordeste 3 da CNBB participam de Assembleia"},"content":{"rendered":"<h2 class=\"entry-sub-title\">A nova legisla\u00e7\u00e3o sobre o Ensino Religioso nas escolas p\u00fablicas \u00e9 um dos temas principais dos encontro<\/h2>\n<p>Reunidos em Salvador, os bispos da Bahia e de Sergipe participam da Assembleia do Conselho Regional (Conser) at\u00e9 hoje (7). O encontro teve in\u00edcio no dia 5 com uma pauta centrada em tem\u00e1ticas pastorais e administrativas.<\/p>\n<p>Dentre as quest\u00f5es pastorais, os bispos fizeram um balan\u00e7o das diversas a\u00e7\u00f5es promovidas nas dioceses por ocasi\u00e3o da Campanha da Fraternidade, que este ano tem como tema\u00a0<em>Fraternidade e supera\u00e7\u00e3o da viol\u00eancia.<\/em>\u00a0Outro ponto abordado durante a Assembleia, foi a produ\u00e7\u00e3o dos subs\u00eddios do Regional, material que contribui para a prepara\u00e7\u00e3o dos fi\u00e9is durante os tempos lit\u00fargicos como o advento e a quaresma.<\/p>\n<p>No dia 7, a Pastoral da Educa\u00e7\u00e3o e o Ensino Religioso nas escolas p\u00fablicas ser\u00e3o o tema central das discuss\u00f5es. Para colaborar com a reflex\u00e3o sobre o tema, a professora Maria Beatriz Leal da Silva, respons\u00e1vel pelo Ensino Religioso na Secretaria de Educa\u00e7\u00e3o do Estado do Rio de Janeiro abordar\u00e1 a quest\u00e3o da fundamenta\u00e7\u00e3o do Ensino Religioso e a nova legisla\u00e7\u00e3o, bem como a forma\u00e7\u00e3o e credenciamento dos professores que atuaram nessa disciplina nas escolas p\u00fablicas.(CNBBNE3)<\/p>\n<p>Texto e foto: Patr\u00edcia Luz<\/p>\n","protected":false},"excerpt":{"rendered":"<p>A nova legisla\u00e7\u00e3o sobre o Ensino Religioso nas escolas p\u00fablicas \u00e9 um dos temas principais dos encontro Reunidos em Salvador, os bispos da Bahia e de Sergipe participam da Assembleia do Conselho Regional (Conser) at\u00e9 hoje (7). O encontro teve in\u00edcio no dia 5 com uma pauta centrada em tem\u00e1ticas pastorais e administrativas. Dentre as&nbsp;<\/p>\n<p><a class=\"btn btn-style\" href=\"http:\/\/portalcatolico.net\/portal\/bispos-do-regional-nordeste-3-da-cnbb-participam-de-assembleia\/\">Continue Reading<\/a><\/p>\n","protected":false},"author":2,"featured_media":52066,"comment_status":"open","ping_status":"open","sticky":false,"template":"","format":"standard","meta":{"footnotes":""},"categories":[3],"tags":[],"class_list":["post-52065","post","type-post","status-publish","format-standard","has-post-thumbnail","hentry","category-noticias_regionais"],"_links":{"self":[{"href":"http:\/\/portalcatolico.net\/portal\/wp-json\/wp\/v2\/posts\/52065","targetHints":{"allow":["GET"]}}],"collection":[{"href":"http:\/\/portalcatolico.net\/portal\/wp-json\/wp\/v2\/posts"}],"about":[{"href":"http:\/\/portalcatolico.net\/portal\/wp-json\/wp\/v2\/types\/post"}],"author":[{"embeddable":true,"href":"http:\/\/portalcatolico.net\/portal\/wp-json\/wp\/v2\/users\/2"}],"replies":[{"embeddable":true,"href":"http:\/\/portalcatolico.net\/portal\/wp-json\/wp\/v2\/comments?post=52065"}],"version-history":[{"count":1,"href":"http:\/\/portalcatolico.net\/portal\/wp-json\/wp\/v2\/posts\/52065\/revisions"}],"predecessor-version":[{"id":52067,"href":"http:\/\/portalcatolico.net\/portal\/wp-json\/wp\/v2\/posts\/52065\/revisions\/52067"}],"wp:featuredmedia":[{"embeddable":true,"href":"http:\/\/portalcatolico.net\/portal\/wp-json\/wp\/v2\/media\/52066"}],"wp:attachment":[{"href":"http:\/\/portalcatolico.net\/portal\/wp-json\/wp\/v2\/media?parent=52065"}],"wp:term":[{"taxonomy":"category","embeddable":true,"href":"http:\/\/portalcatolico.net\/portal\/wp-json\/wp\/v2\/categories?post=52065"},{"taxonomy":"post_tag","embeddable":true,"href":"http:\/\/portalcatolico.net\/portal\/wp-json\/wp\/v2\/tags?post=52065"}],"curies":[{"name":"wp","href":"https:\/\/api.w.org\/{rel}","templated":true}]}}