{"id":52062,"date":"2018-03-06T06:01:17","date_gmt":"2018-03-06T09:01:17","guid":{"rendered":"http:\/\/portalcatolico.net\/portal\/?p=52062"},"modified":"2018-03-06T06:01:17","modified_gmt":"2018-03-06T09:01:17","slug":"vem-ai-o-caruru-de-sao-jose-2","status":"publish","type":"post","link":"http:\/\/portalcatolico.net\/portal\/vem-ai-o-caruru-de-sao-jose-2\/","title":{"rendered":"Vem a\u00ed o Caruru de S\u00e3o Jos\u00e9!"},"content":{"rendered":"<p class=\"m_-4500016148394821330xgmail-msonospacing\"><em>Os membros da Comunidade de Alian\u00e7a Filhos de Israel est\u00e1 promovendo o tradicional Caruru de S\u00e3o Jos\u00e9, em Itabuna (BA), em prol da constru\u00e7\u00e3o de sua casa de miss\u00e3o e Capela em Honra a S\u00e3o Miguel Arcanjo (Patrono dos Filhos de Israel). Esta casa servir\u00e1 para momentos de ora\u00e7\u00e3o, reuni\u00e3o e\u00a0\u00a0diversos trabalhos de evangeliza\u00e7\u00e3o.<\/em><i><br \/>\n<em>Para que esse sonho\u00a0\u00a0se concretize, est\u00e3o sendo realizados v\u00e1rios eventos, como este Caruru, que acontecer\u00e1 no dia 18 de Mar\u00e7o, a partir das 11h, na Rua 1.\u00ba de Maio, n.\u00ba 04, Bairro Parque Boa Vista. O valor da quentinha de caruru \u00e9 R$ 12,00.<\/em><br \/>\n<em>Compre j\u00e1 o seu bilhete!\u00a0<\/em><\/i><u><\/u><u><\/u><\/p>\n<p class=\"m_-4500016148394821330xgmail-msonospacing\"><em>Entre em contato para adquirir o bilhete ou para fazer qualquer doa\u00e7\u00e3o, atrav\u00e9s dos telefones: (73) 99965-7821\/98871-1773 IRAMAR (Fundador); (73) 99965-8527 \/ 98858-9356 DINA ou (73) 98106-7124 JOVANA.<\/em><\/p>\n","protected":false},"excerpt":{"rendered":"<p>Os membros da Comunidade de Alian\u00e7a Filhos de Israel est\u00e1 promovendo o tradicional Caruru de S\u00e3o Jos\u00e9, em Itabuna (BA), em prol da constru\u00e7\u00e3o de sua casa de miss\u00e3o e Capela em Honra a S\u00e3o Miguel Arcanjo (Patrono dos Filhos de Israel). Esta casa servir\u00e1 para momentos de ora\u00e7\u00e3o, reuni\u00e3o e\u00a0\u00a0diversos trabalhos de evangeliza\u00e7\u00e3o. Para&nbsp;<\/p>\n<p><a class=\"btn btn-style\" href=\"http:\/\/portalcatolico.net\/portal\/vem-ai-o-caruru-de-sao-jose-2\/\">Continue Reading<\/a><\/p>\n","protected":false},"author":2,"featured_media":52063,"comment_status":"open","ping_status":"open","sticky":false,"template":"","format":"standard","meta":{"footnotes":""},"categories":[1],"tags":[],"class_list":["post-52062","post","type-post","status-publish","format-standard","has-post-thumbnail","hentry","category-agenda"],"_links":{"self":[{"href":"http:\/\/portalcatolico.net\/portal\/wp-json\/wp\/v2\/posts\/52062","targetHints":{"allow":["GET"]}}],"collection":[{"href":"http:\/\/portalcatolico.net\/portal\/wp-json\/wp\/v2\/posts"}],"about":[{"href":"http:\/\/portalcatolico.net\/portal\/wp-json\/wp\/v2\/types\/post"}],"author":[{"embeddable":true,"href":"http:\/\/portalcatolico.net\/portal\/wp-json\/wp\/v2\/users\/2"}],"replies":[{"embeddable":true,"href":"http:\/\/portalcatolico.net\/portal\/wp-json\/wp\/v2\/comments?post=52062"}],"version-history":[{"count":1,"href":"http:\/\/portalcatolico.net\/portal\/wp-json\/wp\/v2\/posts\/52062\/revisions"}],"predecessor-version":[{"id":52064,"href":"http:\/\/portalcatolico.net\/portal\/wp-json\/wp\/v2\/posts\/52062\/revisions\/52064"}],"wp:featuredmedia":[{"embeddable":true,"href":"http:\/\/portalcatolico.net\/portal\/wp-json\/wp\/v2\/media\/52063"}],"wp:attachment":[{"href":"http:\/\/portalcatolico.net\/portal\/wp-json\/wp\/v2\/media?parent=52062"}],"wp:term":[{"taxonomy":"category","embeddable":true,"href":"http:\/\/portalcatolico.net\/portal\/wp-json\/wp\/v2\/categories?post=52062"},{"taxonomy":"post_tag","embeddable":true,"href":"http:\/\/portalcatolico.net\/portal\/wp-json\/wp\/v2\/tags?post=52062"}],"curies":[{"name":"wp","href":"https:\/\/api.w.org\/{rel}","templated":true}]}}