{"id":52059,"date":"2018-03-06T05:58:06","date_gmt":"2018-03-06T08:58:06","guid":{"rendered":"http:\/\/portalcatolico.net\/portal\/?p=52059"},"modified":"2018-03-06T05:58:06","modified_gmt":"2018-03-06T08:58:06","slug":"frades-menores-conventuais-na-africa-presenca-fruto-e-esperanca","status":"publish","type":"post","link":"http:\/\/portalcatolico.net\/portal\/frades-menores-conventuais-na-africa-presenca-fruto-e-esperanca\/","title":{"rendered":"Frades Menores Conventuais na \u00c1frica: presen\u00e7a, fruto e esperan\u00e7a"},"content":{"rendered":"<div class=\"article__subTitle\">O Papa Francisco enviou uma mensagem aos participantes do encontro, em Roma, e espera que os Frades Menores Conventuais \u201ccontinuem essa obra generosa de difus\u00e3o do Evangelho e apoio constante \u00e0 Igreja em Burkina Fasso&#8221;.<\/div>\n<div class=\"title__separator\"><\/div>\n<div class=\"article__text\">\n<p>Realiza-se no pr\u00f3ximo s\u00e1bado (10\/03), no Col\u00e9gio Internacional Seraphicum, em Roma, um encontro sobre o centro de sa\u00fade de Sabou, em Burkina Fasso, obra dos Frades Menores Conventuais.<\/p>\n<p>Trata-se do\u00a0<b>Centro de Sa\u00fade S\u00e3o Maximiliano Maria Kolbe, exemplo de sinergia entre Evangelho, caridade e incultura\u00e7\u00e3o.<\/b><\/p>\n<p>A\u00a0<b>estrutura funciona desde 2003<\/b>, oferecendo assist\u00eancia de sa\u00fade gratuita a mais de 110 mil habitantes locais, compet\u00eancias e formando m\u00e9dicos locais.<\/p>\n<p>O centro m\u00e9dico oferece uma gama de servi\u00e7os que v\u00e3o desde o pronto socorro a uma se\u00e7\u00e3o m\u00e9dico geral com 25 leitos para adultos e 30 para crian\u00e7as, uma maternidade com 12 leitos e um centro de recupera\u00e7\u00e3o nutricional para crian\u00e7as desnutridas.<\/p>\n<p>Atualmente, est\u00e3o em fase de constru\u00e7\u00e3o a \u00e1rea de radiologia e um centro cir\u00fargico.\u00a0<b>No passado, 2.456 crian\u00e7as usufru\u00edram do servi\u00e7o de assist\u00eancia nutricional, 8.287 adultos e 3.725 crian\u00e7as se beneficiaram de uma consulta m\u00e9dica.<\/b><\/p>\n<p><b>O Papa Francisco enviou uma mensagem aos participantes do encontro, em Roma.<\/b><\/p>\n<p>O Santo Padre espera que os \u00a0Frades Menores Conventuais \u201cpossam continuar essa obra generosa de difus\u00e3o do Evangelho e apoio constante \u00e0 Igreja, em Burkina Fasso, privilegiando sempre os pobres e trabalhando nas periferias geogr\u00e1ficas e existenciais com o compromisso de\u00a0<b>evangeliza\u00e7\u00e3o e promo\u00e7\u00e3o humana\u201d.<\/b><\/p>\n<p>O Papa pede ora\u00e7\u00f5es para seu minist\u00e9rio petrino, confia \u00e0 Virgem Maria, Rainha das Miss\u00f5es e a S\u00e3o Maximiliano Maria Kolbe, a fecundidade do servi\u00e7o mission\u00e1rio dessa ordem e envia de cora\u00e7\u00e3o aos confrades, aos palestrantes e a todos os participantes a sua b\u00ean\u00e7\u00e3o apost\u00f3lica.(Vatican News)<\/p>\n<p>Participa tamb\u00e9m do congresso o Ministro da Sa\u00fade de Burkina Fasso, Nicolas Meda.<\/p>\n<\/div>\n","protected":false},"excerpt":{"rendered":"<p>O Papa Francisco enviou uma mensagem aos participantes do encontro, em Roma, e espera que os Frades Menores Conventuais \u201ccontinuem essa obra generosa de difus\u00e3o do Evangelho e apoio constante \u00e0 Igreja em Burkina Fasso&#8221;. Realiza-se no pr\u00f3ximo s\u00e1bado (10\/03), no Col\u00e9gio Internacional Seraphicum, em Roma, um encontro sobre o centro de sa\u00fade de Sabou,&nbsp;<\/p>\n<p><a class=\"btn btn-style\" href=\"http:\/\/portalcatolico.net\/portal\/frades-menores-conventuais-na-africa-presenca-fruto-e-esperanca\/\">Continue Reading<\/a><\/p>\n","protected":false},"author":2,"featured_media":52060,"comment_status":"open","ping_status":"open","sticky":false,"template":"","format":"standard","meta":{"footnotes":""},"categories":[5],"tags":[],"class_list":["post-52059","post","type-post","status-publish","format-standard","has-post-thumbnail","hentry","category-igreja_no_mundo"],"_links":{"self":[{"href":"http:\/\/portalcatolico.net\/portal\/wp-json\/wp\/v2\/posts\/52059","targetHints":{"allow":["GET"]}}],"collection":[{"href":"http:\/\/portalcatolico.net\/portal\/wp-json\/wp\/v2\/posts"}],"about":[{"href":"http:\/\/portalcatolico.net\/portal\/wp-json\/wp\/v2\/types\/post"}],"author":[{"embeddable":true,"href":"http:\/\/portalcatolico.net\/portal\/wp-json\/wp\/v2\/users\/2"}],"replies":[{"embeddable":true,"href":"http:\/\/portalcatolico.net\/portal\/wp-json\/wp\/v2\/comments?post=52059"}],"version-history":[{"count":1,"href":"http:\/\/portalcatolico.net\/portal\/wp-json\/wp\/v2\/posts\/52059\/revisions"}],"predecessor-version":[{"id":52061,"href":"http:\/\/portalcatolico.net\/portal\/wp-json\/wp\/v2\/posts\/52059\/revisions\/52061"}],"wp:featuredmedia":[{"embeddable":true,"href":"http:\/\/portalcatolico.net\/portal\/wp-json\/wp\/v2\/media\/52060"}],"wp:attachment":[{"href":"http:\/\/portalcatolico.net\/portal\/wp-json\/wp\/v2\/media?parent=52059"}],"wp:term":[{"taxonomy":"category","embeddable":true,"href":"http:\/\/portalcatolico.net\/portal\/wp-json\/wp\/v2\/categories?post=52059"},{"taxonomy":"post_tag","embeddable":true,"href":"http:\/\/portalcatolico.net\/portal\/wp-json\/wp\/v2\/tags?post=52059"}],"curies":[{"name":"wp","href":"https:\/\/api.w.org\/{rel}","templated":true}]}}