{"id":52055,"date":"2018-03-05T05:37:57","date_gmt":"2018-03-05T08:37:57","guid":{"rendered":"http:\/\/portalcatolico.net\/portal\/?p=52055"},"modified":"2018-03-05T21:38:23","modified_gmt":"2018-03-06T00:38:23","slug":"o-desafio-de-pessoas-que-passam-pela-experiencia-da-perda","status":"publish","type":"post","link":"http:\/\/portalcatolico.net\/portal\/o-desafio-de-pessoas-que-passam-pela-experiencia-da-perda\/","title":{"rendered":"O desafio de pessoas que passam pela experi\u00eancia da perda"},"content":{"rendered":"<p>Cuidar das necessidades espirituais de pessoas que passam pela experi\u00eancia da perda \u2013 vi\u00favas e vi\u00favos, separados e separadas e quem est\u00e1 em luto \u2013 foi tema de uma reuni\u00e3o da Comiss\u00e3o Episcopal Pastoral para a Vida e a Fam\u00edlia da Confer\u00eancia Nacional dos Bispos do Brasil (CNBB) com o grupo \u201cFica Conosco Senhor\u201d (Lc 24, 29), de Guarulhos (SP), que desenvolve um trabalho de apoio a homens e mulheres que vivem essa realidade.<\/p>\n<p>O movimento nasceu da uni\u00e3o de agentes da Pastoral Familiar que passaram pelo estresse emocional causado pela dor da separa\u00e7\u00e3o ou pela dor morte e que n\u00e3o sabiam como lidar. Uma das coordenadoras, C\u00e9lia Silva, diz que o grupo nasceu para que os integrantes se ajudassem dede forma reciproca, dividindo experi\u00eancias e viv\u00eancia de f\u00e9.<\/p>\n<p>\u201c\u00c9 uma necessidade fazer o acompanhamento dessas pessoas\u201d, explicou o assessor da Comiss\u00e3o, padre Jorge Alves Filho.<\/p>\n<p>A partir dessa reuni\u00e3o, a Comiss\u00e3o, que possui um setor de Casos Especiais da Comiss\u00e3o Nacional da Pastoral Familiar (CNPF), come\u00e7a a trabalhar na realiza\u00e7\u00e3o um Encontro Nacional sobre a tem\u00e1tica e o grupo \u201cFica Conosco Senhor\u201d passa a ter o apoio da CNPF.<\/p>\n<p>Na reuni\u00e3o, estiveram presentes o assessor da Comiss\u00e3o, padre Jorge Alves Filho; o casal coordenador nacional da Pastoral Familiar, Kh\u00e1tia e Luiz Stolf; o casal coordenador do Regional Sul 1, Osmarina e Benedito Antonio Baldon (Toninho); e os assessores eclesi\u00e1sticos dos regionais Sul 1, padre Pedro Lu\u00eds da Silva R\u00fabio, e Sul 3, padre Edson Pereira, este que acompanhar\u00e1 o grupo. Al\u00e9m da C\u00e9lia, \u00c2ngela e Cerci, que j\u00e1 desenvolvem o trabalho em S\u00e3o Paulo.<\/p>\n<p><em>Por CNBB<\/em><\/p>\n","protected":false},"excerpt":{"rendered":"<p>Cuidar das necessidades espirituais de pessoas que passam pela experi\u00eancia da perda \u2013 vi\u00favas e vi\u00favos, separados e separadas e quem est\u00e1 em luto \u2013 foi tema de uma reuni\u00e3o da Comiss\u00e3o Episcopal Pastoral para a Vida e a Fam\u00edlia da Confer\u00eancia Nacional dos Bispos do Brasil (CNBB) com o grupo \u201cFica Conosco Senhor\u201d (Lc&nbsp;<\/p>\n<p><a class=\"btn btn-style\" href=\"http:\/\/portalcatolico.net\/portal\/o-desafio-de-pessoas-que-passam-pela-experiencia-da-perda\/\">Continue Reading<\/a><\/p>\n","protected":false},"author":2,"featured_media":52056,"comment_status":"open","ping_status":"open","sticky":false,"template":"","format":"standard","meta":{"footnotes":""},"categories":[2],"tags":[],"class_list":["post-52055","post","type-post","status-publish","format-standard","has-post-thumbnail","hentry","category-eventos"],"_links":{"self":[{"href":"http:\/\/portalcatolico.net\/portal\/wp-json\/wp\/v2\/posts\/52055","targetHints":{"allow":["GET"]}}],"collection":[{"href":"http:\/\/portalcatolico.net\/portal\/wp-json\/wp\/v2\/posts"}],"about":[{"href":"http:\/\/portalcatolico.net\/portal\/wp-json\/wp\/v2\/types\/post"}],"author":[{"embeddable":true,"href":"http:\/\/portalcatolico.net\/portal\/wp-json\/wp\/v2\/users\/2"}],"replies":[{"embeddable":true,"href":"http:\/\/portalcatolico.net\/portal\/wp-json\/wp\/v2\/comments?post=52055"}],"version-history":[{"count":1,"href":"http:\/\/portalcatolico.net\/portal\/wp-json\/wp\/v2\/posts\/52055\/revisions"}],"predecessor-version":[{"id":52057,"href":"http:\/\/portalcatolico.net\/portal\/wp-json\/wp\/v2\/posts\/52055\/revisions\/52057"}],"wp:featuredmedia":[{"embeddable":true,"href":"http:\/\/portalcatolico.net\/portal\/wp-json\/wp\/v2\/media\/52056"}],"wp:attachment":[{"href":"http:\/\/portalcatolico.net\/portal\/wp-json\/wp\/v2\/media?parent=52055"}],"wp:term":[{"taxonomy":"category","embeddable":true,"href":"http:\/\/portalcatolico.net\/portal\/wp-json\/wp\/v2\/categories?post=52055"},{"taxonomy":"post_tag","embeddable":true,"href":"http:\/\/portalcatolico.net\/portal\/wp-json\/wp\/v2\/tags?post=52055"}],"curies":[{"name":"wp","href":"https:\/\/api.w.org\/{rel}","templated":true}]}}