{"id":52049,"date":"2018-03-05T19:47:52","date_gmt":"2018-03-05T22:47:52","guid":{"rendered":"http:\/\/portalcatolico.net\/portal\/?p=52049"},"modified":"2018-03-05T19:47:52","modified_gmt":"2018-03-05T22:47:52","slug":"catolicos-devem-assumir-seus-postos-na-batalha-contra-ideologia-de-genero-alertam","status":"publish","type":"post","link":"http:\/\/portalcatolico.net\/portal\/catolicos-devem-assumir-seus-postos-na-batalha-contra-ideologia-de-genero-alertam\/","title":{"rendered":"Cat\u00f3licos devem assumir seus postos na batalha contra ideologia de g\u00eanero, alertam"},"content":{"rendered":"<p>Nos \u00faltimos dias, o munic\u00edpio de Fortaleza (CE) se viu diante de um debate em torno de projeto de lei que poderia abrir as portas para a ideologia de g\u00eanero nas escolas, o qual foi derrotado; diante disso, o vereador e mission\u00e1rio da Comunidade Shalom Jorge Pinheiro alertou que os cat\u00f3licos devem \u201cassumir seu posto de batalha nesta guerra\u201d.<\/p>\n<p>O projeto que institu\u00eda o programa \u201cEscola Sem Censura\u201d foi apresentado pela vereadora Larissa Gaspar (PPL) e permitiria que os professores ensinassem o que quisessem aos seus alunos, impedindo qualquer descontentamento por parte dos pais, o que traria s\u00e9rios problemas quando se tratasse dos temas vinculados \u00e0 sexualidade, tal como a ideologia de g\u00eanero ou rela\u00e7\u00f5es pr\u00e9-matrimoniais.<\/p>\n<p>Segundo explicou o vereador cat\u00f3lico Jorge Pinheiro, trata-se de uma proposta que \u201cse originou da propositura de Lei Federal de igual conte\u00fado, de autoria do Deputado Jean Wyllys\u201d, que visa instituir diretrizes \u201cnorteadoras \u00e0 atua\u00e7\u00e3o dos professores\u201d.<\/p>\n<p>Ao citar o artigo 2\u00ba de tal projeto, o pol\u00edtico ressaltou que o objetivo era \u201cgarantir a liberdade ao docente para ensinar o que quiser aos alunos, assegurando que s\u00e3o \u2018vedadas, em sala de aula ou fora dela, em todos os n\u00edveis e modalidades de educa\u00e7\u00e3o do Munic\u00edpio, as pr\u00e1ticas de quaisquer tipos de censuras de natureza pol\u00edtica, ideol\u00f3gica, filos\u00f3fica, art\u00edstica, religiosa e\/ou cultural a estudantes e docentes, ficando garantida a livre express\u00e3o de pensamentos e ideias\u2019\u201d.<\/p>\n<p>Nesse sentido, assinalou, \u201csegundo a proposta, ao professor estaria garantida a liberdade absoluta para ensinar o que quiser, sem a possibilidade de sofrer qualquer reclama\u00e7\u00e3o ou controle (\u2018censura\u2019), seja pelo diretor ou coordenador pedag\u00f3gico, e muito menos pelo aluno ou por seus pais\u201d.<\/p>\n<p>E para garantir este chamado direito ao docente, \u201co projeto prev\u00ea que o Executivo dever\u00e1 criar um canal para apura\u00e7\u00e3o de den\u00fancias contra aqueles que queiram \u2018censurar\u2019 o professor\u201d, acrescentou.<\/p>\n<p>Assim, conforme alertou o vereador Jorge Pinheiro, que tamb\u00e9m \u00e9 mission\u00e1rio da Comunidade Cat\u00f3lica Shalom, tal projeto abriria as portas das escolas para a ideologia de g\u00eanero, uma vez que \u201cnos incisos V e VI do Art. 1\u00ba do \u2018Escola Sem Censura\u2019 s\u00e3o estabelecidos os princ\u00edpios que devem ser observados pelos professores e, dentre eles, est\u00e1 firmado o da educa\u00e7\u00e3o contra o preconceito acerca da identidade e\/ou express\u00e3o de g\u00eanero\u201d.<\/p>\n<p>Al\u00e9m disso, ressaltou, \u201cmesmo que n\u00e3o houvesse na propositura a previs\u00e3o de ensino sobre ideologia de g\u00eanero, o simples fato de poder ensinar sem censura ou controle, permitiria ao professor ensinar ideologia de g\u00eanero aos alunos, e nem os pais e nem mesmo o diretor da escola poderiam se opor\u201d.<\/p>\n<p>Entretanto, este projeto recebeu parecer contr\u00e1rio da Comiss\u00e3o de Constitui\u00e7\u00e3o e Justi\u00e7a da C\u00e2mara Municipal de Fortaleza e, ap\u00f3s recurso apresentado pela vereadora Larissa Gaspar, foi votado no plen\u00e1rio, onde tamb\u00e9m foi rejeito pela maioria dos vereadores, com uma vota\u00e7\u00e3o de 18 a 6.<\/p>\n<p>Para o vereador Jorge Pinheiro, este resultado foi reflexo de uma aten\u00e7\u00e3o \u201c\u00e0 esmagadora maioria da popula\u00e7\u00e3o, que \u00e9 contr\u00e1ria \u00e0 implanta\u00e7\u00e3o da ideologia de g\u00eanero e outros absurdos em sala de aula\u201d.<\/p>\n<p>Jorge Pinheiro, que \u00e9 membro consagrado da Comunidade Shalom h\u00e1 mais de 20 anos, advertiu que, em rela\u00e7\u00e3o \u00e0s tentativas de implantar a ideologia de g\u00eanero da educa\u00e7\u00e3o os cat\u00f3licos devem \u201cassumir seu posto de batalha nesta guerra; n\u00e3o podemos ficar calados enquanto alguns poucos que fazem barulho determinem como ser\u00e1 a educa\u00e7\u00e3o das nossas crian\u00e7as e, assim, os rumos da nossa sociedade\u201d.<\/p>\n<p>\u201cNo momento atual, o que tenho visto s\u00e3o pessoas cada vez mais perdidas, sem saber quem s\u00e3o, sem sentido de\u00a0vida, sem nortes. E a ideologia de g\u00eanero \u00e9 uma corrente que vem deixar tudo ainda mais confuso, na linha mais absurda do relativismo, apregoando uma identidade flu\u00eddica, onde eu sou o que eu sinto que sou ou o que eu penso que sou\u201d, assinalou.<\/p>\n<p>Por\u00e9m, explicou que \u201ca verdade \u00e9 que \u2018eu sou o que Deus pensa de mim\u2019\u201d, citando Santa Teresinha do Menino Jesus. \u201cSe a ideologia de g\u00eanero j\u00e1 \u00e9 algo que confunde a cabe\u00e7a de um adulto, imagine a confus\u00e3o que acarreta na cabe\u00e7a de uma crian\u00e7a\u201d.<\/p>\n<p>Por isso, neste ano eleitoral, convocou os fi\u00e9is a estarem atentos aos posicionamentos dos candidatos, por exemplo, \u201cem rela\u00e7\u00e3o a quest\u00f5es como defesa da vida (contra a pr\u00e1tica do\u00a0aborto\u00a0e sua legaliza\u00e7\u00e3o), se s\u00e3o contr\u00e1rios \u00e0 implanta\u00e7\u00e3o da ideologia de g\u00eanero nas escolas ou na sociedade\u201d.<\/p>\n<p>\u201cN\u00e3o basta n\u00e3o ser favor\u00e1vel, \u00e9 preciso ser contra, pois essas ideologias ganham espa\u00e7o por causa da omiss\u00e3o de muitos pol\u00edticos que n\u00e3o se posicionam\u201d, completou.(Acidigital)<\/p>\n<p>Imagem referencial. Foto: Pixabay \/ Dom\u00ednio p\u00fablico<\/p>\n","protected":false},"excerpt":{"rendered":"<p>Nos \u00faltimos dias, o munic\u00edpio de Fortaleza (CE) se viu diante de um debate em torno de projeto de lei que poderia abrir as portas para a ideologia de g\u00eanero nas escolas, o qual foi derrotado; diante disso, o vereador e mission\u00e1rio da Comunidade Shalom Jorge Pinheiro alertou que os cat\u00f3licos devem \u201cassumir seu posto&nbsp;<\/p>\n<p><a class=\"btn btn-style\" href=\"http:\/\/portalcatolico.net\/portal\/catolicos-devem-assumir-seus-postos-na-batalha-contra-ideologia-de-genero-alertam\/\">Continue Reading<\/a><\/p>\n","protected":false},"author":2,"featured_media":52050,"comment_status":"open","ping_status":"open","sticky":false,"template":"","format":"standard","meta":{"footnotes":""},"categories":[3],"tags":[],"class_list":["post-52049","post","type-post","status-publish","format-standard","has-post-thumbnail","hentry","category-noticias_regionais"],"_links":{"self":[{"href":"http:\/\/portalcatolico.net\/portal\/wp-json\/wp\/v2\/posts\/52049","targetHints":{"allow":["GET"]}}],"collection":[{"href":"http:\/\/portalcatolico.net\/portal\/wp-json\/wp\/v2\/posts"}],"about":[{"href":"http:\/\/portalcatolico.net\/portal\/wp-json\/wp\/v2\/types\/post"}],"author":[{"embeddable":true,"href":"http:\/\/portalcatolico.net\/portal\/wp-json\/wp\/v2\/users\/2"}],"replies":[{"embeddable":true,"href":"http:\/\/portalcatolico.net\/portal\/wp-json\/wp\/v2\/comments?post=52049"}],"version-history":[{"count":1,"href":"http:\/\/portalcatolico.net\/portal\/wp-json\/wp\/v2\/posts\/52049\/revisions"}],"predecessor-version":[{"id":52051,"href":"http:\/\/portalcatolico.net\/portal\/wp-json\/wp\/v2\/posts\/52049\/revisions\/52051"}],"wp:featuredmedia":[{"embeddable":true,"href":"http:\/\/portalcatolico.net\/portal\/wp-json\/wp\/v2\/media\/52050"}],"wp:attachment":[{"href":"http:\/\/portalcatolico.net\/portal\/wp-json\/wp\/v2\/media?parent=52049"}],"wp:term":[{"taxonomy":"category","embeddable":true,"href":"http:\/\/portalcatolico.net\/portal\/wp-json\/wp\/v2\/categories?post=52049"},{"taxonomy":"post_tag","embeddable":true,"href":"http:\/\/portalcatolico.net\/portal\/wp-json\/wp\/v2\/tags?post=52049"}],"curies":[{"name":"wp","href":"https:\/\/api.w.org\/{rel}","templated":true}]}}