{"id":52037,"date":"2018-03-05T06:02:09","date_gmt":"2018-03-05T09:02:09","guid":{"rendered":"http:\/\/portalcatolico.net\/portal\/?p=52037"},"modified":"2018-03-05T06:02:47","modified_gmt":"2018-03-05T09:02:47","slug":"do-colo-da-mae-a-mansao-da-misericordia-milhares-de-fieis-participaram-da-caminhada-penitencial-neste-domingo-4","status":"publish","type":"post","link":"http:\/\/portalcatolico.net\/portal\/do-colo-da-mae-a-mansao-da-misericordia-milhares-de-fieis-participaram-da-caminhada-penitencial-neste-domingo-4\/","title":{"rendered":"Do Colo da M\u00e3e \u00e0 Mans\u00e3o da Miseric\u00f3rdia: milhares de fi\u00e9is participaram da Caminhada Penitencial neste domingo (4)"},"content":{"rendered":"<p>Moradora da regi\u00e3o de Cajazeiras, Nilza das Virgens Almeida acordou cedo na manh\u00e3 deste domingo, dia 4 de mar\u00e7o, para participar da Caminhada Penitencial. O percurso de 8km, da Bas\u00edlica Santu\u00e1rio Nossa Senhora da Concei\u00e7\u00e3o da Praia, no Com\u00e9rcio, \u00e0 Bas\u00edlica Santu\u00e1rio Senhor Bom Jesus do Bonfim, foi feito com uma vela nas m\u00e3os. A cera que derretia ca\u00eda sobre os dedos de Nilza, mas ela n\u00e3o se importava com a dor e a entregava a Jesus como uma forma de penit\u00eancia. \u201cEsta vela que eu seguro \u00e9 para iluminar a minha casa, os meus filhos, o trabalho que eu consegui com a gra\u00e7a de Deus. Foram dez anos procurando emprego e agora eu consegui e vim agradecer\u201d, contou.<\/p>\n<p>Assim como Nilza, milhares de fi\u00e9is tomaram as ruas da Cidade Baixa durante a Caminhada Penitencial, organizada pela Arquidiocese de Salvador. \u00c0s 6h30 o Arcebispo de Salvador e Primaz do Brasil, Dom Murilo Krieger, deu in\u00edcio \u00e0 Missa em frente \u00e0 Bas\u00edlica Nossa Senhora da Concei\u00e7\u00e3o da Praia. \u201cA Caminhada Penitencial, que j\u00e1 \u00e9 uma rica tradi\u00e7\u00e3o de nossa Arquidiocese, tem o sentindo de nos lembrar que n\u00f3s somos peregrinos nessa terra. Caminhamos para a Jerusal\u00e9m celeste\u201d, afirmou Dom Murilo.<\/p>\n<p>Logo ap\u00f3s a Celebra\u00e7\u00e3o Eucar\u00edstica, por volta das 7h30, teve in\u00edcio a Caminhada Penitencial. Neste mesmo hor\u00e1rio, enquanto os fi\u00e9is sa\u00edam em prociss\u00e3o da Concei\u00e7\u00e3o da Praia, na Matriz da Par\u00f3quia Nossa Senhora dos Mares, o bispo auxiliar, Dom Gilson Andrade da Silva, presidia a Missa para os fi\u00e9is<img loading=\"lazy\" decoding=\"async\" class=\" wp-image-52038 alignright\" src=\"http:\/\/portalcatolico.net\/portal\/wp-content\/uploads\/2018\/03\/MG_0035-300x200.jpg\" alt=\"MG_0035\" width=\"292\" height=\"194\" srcset=\"http:\/\/portalcatolico.net\/portal\/wp-content\/uploads\/2018\/03\/MG_0035-300x200.jpg 300w, http:\/\/portalcatolico.net\/portal\/wp-content\/uploads\/2018\/03\/MG_0035-768x512.jpg 768w, http:\/\/portalcatolico.net\/portal\/wp-content\/uploads\/2018\/03\/MG_0035-1024x683.jpg 1024w\" sizes=\"auto, (max-width: 292px) 100vw, 292px\" \/> que se encontravam no Largo dos Mares. Muitos deles tinham sa\u00eddo em prociss\u00e3o \u00e0s 6h da Par\u00f3quia Nossa Senhora das Dores, no Lobato, j\u00e1 que este ano, em virtude da reforma da Matriz, n\u00e3o houve Missa no local.<\/p>\n<p>\u201cA Caminhada Penitencial \u00e9 um dos momentos fortes de express\u00e3o da nossa Igreja aqui em Salvador, e no tempo da Quaresma tem um significado: primeiro, realmente, da necessidade de nos despojarmos, do sacrif\u00edcio, para estarmos mais dispostos a ouvirmos a Palavra de Deus. Por outro lado, tamb\u00e9m \u00e9 um testemunho de f\u00e9 diante da cidade e tamb\u00e9m uma oportunidade para as pessoas pensarem que \u00e9 preciso caminhar para a P\u00e1scoa\u201d, disse Dom Gilson. Nos Mares, a Missa foi concelebrada pelo bispo auxiliar, Dom Estevam dos Santos Silva Filho.<\/p>\n<p>Ao lado de dez outros jovens da Par\u00f3quia S\u00e3o Jo\u00e3o Evangelista (Mussurunga), o jovem Edson Gabriel <img loading=\"lazy\" decoding=\"async\" class=\"size-medium wp-image-52039 alignleft\" src=\"http:\/\/portalcatolico.net\/portal\/wp-content\/uploads\/2018\/03\/Foto-Daniela-Andrade-12-300x200.jpg\" alt=\"Foto-Daniela-Andrade-12\" width=\"300\" height=\"200\" srcset=\"http:\/\/portalcatolico.net\/portal\/wp-content\/uploads\/2018\/03\/Foto-Daniela-Andrade-12-300x200.jpg 300w, http:\/\/portalcatolico.net\/portal\/wp-content\/uploads\/2018\/03\/Foto-Daniela-Andrade-12.jpg 432w\" sizes=\"auto, (max-width: 300px) 100vw, 300px\" \/>Bomfim participou pela primeira vez da Caminhada Penitencial. \u201cEsta caminhada \u00e9 muito importante, pois nos faz refletir sobre o tempo quaresmal que estamos vivendo\u201d, disse.<\/p>\n<p><strong>\u201cV\u00f3s sois todos irm\u00e3os\u201d<\/strong><\/p>\n<p>Ao passar pelas ruas da Cidade Baixa, Dom Murilo aben\u00e7oou fam\u00edlias que acompanhavam a Caminhada Penitencial das janelas e das varandas de casas e pr\u00e9dios. Ao chegar ao Hospital Santo Ant\u00f4nio, das Obras Sociais Irm\u00e3 Dulce (OSID), o Arcebispo se aproximou do gradil que d\u00e1 acesso ao local para tamb\u00e9m aben\u00e7oar os enfermos que conseguiram acompanhar a dist\u00e2ncia, mas tamb\u00e9m aqueles que n\u00e3o tiveram condi\u00e7\u00f5es f\u00edsicas para estar ali. Dom Murilo tamb\u00e9m pediu aos enfermos para que rezem pela Arquidiocese de Salvador e pelo pastoreio dos bispos.<\/p>\n<p>Todos os anos durante a Caminhada Penitencial tamb\u00e9m s\u00e3o realizados gestos concretos, como a doa\u00e7\u00e3o de alimentos n\u00e3o perec\u00edveis. Este ano, dois caminh\u00f5es do Ex\u00e9rcito foram colocados no Largo de Roma, pr\u00f3ximo \u00e0s Obras Sociais Irm\u00e3 Dulce (OSID) para que os alimentos pudessem ser recolhidos.<\/p>\n<p>Outro gesto concreto \u00e9 o recolhimento de garrafas pet durante todo o percurso. A a\u00e7\u00e3o \u00e9 realizada pela Pastoral Universit\u00e1ria da Arquidiocese de Salvador (PU) e todo o material ser\u00e1 destinado para a Igreja da Trindade \u2013 que acolhe pessoas em situa\u00e7\u00e3o de rua \u2013 e para o projeto Levanta-te e Anda. \u201cH\u00e1 muitos anos a Pastoral Universit\u00e1ria realiza o Gesto Ecol\u00f3gico durante a Caminhada Penitencial, repetindo essa <img loading=\"lazy\" decoding=\"async\" class=\"size-medium wp-image-52040 alignleft\" src=\"http:\/\/portalcatolico.net\/portal\/wp-content\/uploads\/2018\/03\/Foto-Sara-Gomes-65-300x200.jpg\" alt=\"Foto-Sara-Gomes-65\" width=\"300\" height=\"200\" srcset=\"http:\/\/portalcatolico.net\/portal\/wp-content\/uploads\/2018\/03\/Foto-Sara-Gomes-65-300x200.jpg 300w, http:\/\/portalcatolico.net\/portal\/wp-content\/uploads\/2018\/03\/Foto-Sara-Gomes-65.jpg 432w\" sizes=\"auto, (max-width: 300px) 100vw, 300px\" \/>a\u00e7\u00e3o na Prociss\u00e3o de Domingo de Ramos. Com o Gesto Ecol\u00f3gico, que \u00e9 uma atividade ligada ao eixo socioeducativo da Pastoral Universit\u00e1ria, buscamos despertar nas pessoas a consci\u00eancia para o quanto \u00e9 importante cuidarmos da nossa cidade, e deix\u00e1-la limpa durante as nossas atividades. Essa \u00e9 uma maneira de manifestarmos a nossa f\u00e9; o crist\u00e3o deve se importar e se preocupar com as consequ\u00eancias do descarte\u00a0 inadequado\u00a0 dos res\u00edduos\u201d, afirmou a coordenadora da PU, Taciane Barros.<\/p>\n<p><strong>Na Colina Sagrada<\/strong><\/p>\n<p>Ao hino do Senhor do Bonfim, os fi\u00e9is subiram a Colina Sagrada por volta das 10h. J\u00e1 em frente \u00e0 Bas\u00edlica Santu\u00e1rio Senhor Bom Jesus do Bonfim, a imagem peregrina do Senhor do Bonfim foi carregada em meio \u00e0 multid\u00e3o, at\u00e9 chegar \u00e0s m\u00e3os de Dom Murilo, Dom Gilson e Dom Estevam.<\/p>\n<p>Fotos: Sara Gomes, Daniela Andrade e Ant\u00f4nio Ara\u00fajo<\/p>\n<p>Fonte:Arquidiocese de Salvador<\/p>\n","protected":false},"excerpt":{"rendered":"<p>Moradora da regi\u00e3o de Cajazeiras, Nilza das Virgens Almeida acordou cedo na manh\u00e3 deste domingo, dia 4 de mar\u00e7o, para participar da Caminhada Penitencial. O percurso de 8km, da Bas\u00edlica Santu\u00e1rio Nossa Senhora da Concei\u00e7\u00e3o da Praia, no Com\u00e9rcio, \u00e0 Bas\u00edlica Santu\u00e1rio Senhor Bom Jesus do Bonfim, foi feito com uma vela nas m\u00e3os. A&nbsp;<\/p>\n<p><a class=\"btn btn-style\" href=\"http:\/\/portalcatolico.net\/portal\/do-colo-da-mae-a-mansao-da-misericordia-milhares-de-fieis-participaram-da-caminhada-penitencial-neste-domingo-4\/\">Continue Reading<\/a><\/p>\n","protected":false},"author":2,"featured_media":52041,"comment_status":"open","ping_status":"open","sticky":false,"template":"","format":"standard","meta":{"footnotes":""},"categories":[5],"tags":[],"class_list":["post-52037","post","type-post","status-publish","format-standard","has-post-thumbnail","hentry","category-igreja_no_mundo"],"_links":{"self":[{"href":"http:\/\/portalcatolico.net\/portal\/wp-json\/wp\/v2\/posts\/52037","targetHints":{"allow":["GET"]}}],"collection":[{"href":"http:\/\/portalcatolico.net\/portal\/wp-json\/wp\/v2\/posts"}],"about":[{"href":"http:\/\/portalcatolico.net\/portal\/wp-json\/wp\/v2\/types\/post"}],"author":[{"embeddable":true,"href":"http:\/\/portalcatolico.net\/portal\/wp-json\/wp\/v2\/users\/2"}],"replies":[{"embeddable":true,"href":"http:\/\/portalcatolico.net\/portal\/wp-json\/wp\/v2\/comments?post=52037"}],"version-history":[{"count":2,"href":"http:\/\/portalcatolico.net\/portal\/wp-json\/wp\/v2\/posts\/52037\/revisions"}],"predecessor-version":[{"id":52043,"href":"http:\/\/portalcatolico.net\/portal\/wp-json\/wp\/v2\/posts\/52037\/revisions\/52043"}],"wp:featuredmedia":[{"embeddable":true,"href":"http:\/\/portalcatolico.net\/portal\/wp-json\/wp\/v2\/media\/52041"}],"wp:attachment":[{"href":"http:\/\/portalcatolico.net\/portal\/wp-json\/wp\/v2\/media?parent=52037"}],"wp:term":[{"taxonomy":"category","embeddable":true,"href":"http:\/\/portalcatolico.net\/portal\/wp-json\/wp\/v2\/categories?post=52037"},{"taxonomy":"post_tag","embeddable":true,"href":"http:\/\/portalcatolico.net\/portal\/wp-json\/wp\/v2\/tags?post=52037"}],"curies":[{"name":"wp","href":"https:\/\/api.w.org\/{rel}","templated":true}]}}