{"id":52030,"date":"2018-03-04T22:40:57","date_gmt":"2018-03-05T01:40:57","guid":{"rendered":"http:\/\/portalcatolico.net\/portal\/?p=52030"},"modified":"2018-03-04T22:40:57","modified_gmt":"2018-03-05T01:40:57","slug":"paroquianos-se-reunem-em-retiro-espiritual-da-pastoral-familiar","status":"publish","type":"post","link":"http:\/\/portalcatolico.net\/portal\/paroquianos-se-reunem-em-retiro-espiritual-da-pastoral-familiar\/","title":{"rendered":"Paroquianos se re\u00fanem em Retiro Espiritual da Pastoral Familiar"},"content":{"rendered":"<p style=\"font-weight: 400;\"><em>Aconteceu neste domingo, 04 de mar\u00e7o, o Retiro Espiritual da Pastoral Familiar\u00a0da Par\u00f3quia Santa Rita de C\u00e1ssia da Diocese de Itabuna, no sul da Bahia.<\/em><\/p>\n<p style=\"font-weight: 400;\"><em>O evento aconteceu no Convento das Irm\u00e3s Cordolina, situada na BR 415, entre Itabuna e Ilh\u00e9us. Al\u00e9m dos membros da Pastoral, tamb\u00e9m estiveram presentes membros do EJC, MECE, e Grupo de Coroinhas. O Retiro teve in\u00edcio \u00e0s 8h e durou todo o dia.<\/em><\/p>\n<p style=\"font-weight: 400;\"><em>Na eventualidade, ocorreram ora\u00e7\u00f5es, Adora\u00e7\u00e3o ao Sant\u00edssimo Sacramento, m\u00fasicas, momentos de sil\u00eancio, palestras , trabalho em grupos, partilha, testemunho e louvor com o objetivo de relaxar a mente dos participantes, bem como, elevar os seus esp\u00edritos.<\/em><\/p>\n<p style=\"font-weight: 400;\"><em>O momento foi assessorado pela Irm\u00e3 Lilian Santos de Jesus. A religiosa tem seu servi\u00e7o de evangeliza\u00e7\u00e3o na Par\u00f3quia Santa Rita de C\u00e1ssia e \u00e9 Irm\u00e3 Franciscana da Ordem Terceira Franciscana do Instituto das Irm\u00e3s Terci\u00e1rias Franciscanas Regulares.<\/em><\/p>\n<p style=\"font-weight: 400;\"><em>O Retiro Espiritual \u00e9 para entrar em contato consigo, retraindo-se do mundo externo di\u00e1rio a fim de experimentar seus encantos internos, passar tempo consigo mesmo em vez de estar com outras pessoas e descobrir verdades eternas frequentemente escondidas pelas realidades cotidianas. \u00c9 um momento para fortificar o \u201ceu\u201d e renovar seu poder pessoal. Est\u00e1 ligado ao sil\u00eancio e \u00e0 tranquilidade \u2013 sil\u00eancio da mente, tanto quanto da l\u00edngua; tranquilidade do esp\u00edrito, tanto quanto do corpo.<br \/>\nMomentos de espiritualidade \u00e9 sinal com Deus, \u00e9 tamb\u00e9m momento de uni\u00e3o, fortaleza, amor, unidade e aten\u00e7\u00e3o ao Senhor Jesus Cristo.<\/em><\/p>\n<p style=\"font-weight: 400;\">Fotos e reportagem: Valdeni Elias<\/p>\n<p style=\"font-weight: 400;\">Edi\u00e7\u00e3o de texto: Anara Passos<\/p>\n<p style=\"font-weight: 400;\"><img loading=\"lazy\" decoding=\"async\" class=\"alignnone size-medium wp-image-52032\" src=\"http:\/\/portalcatolico.net\/portal\/wp-content\/uploads\/2018\/03\/DSCN0007-300x225.jpg\" alt=\"DSCN0007\" width=\"300\" height=\"225\" srcset=\"http:\/\/portalcatolico.net\/portal\/wp-content\/uploads\/2018\/03\/DSCN0007-300x225.jpg 300w, http:\/\/portalcatolico.net\/portal\/wp-content\/uploads\/2018\/03\/DSCN0007.jpg 640w\" sizes=\"auto, (max-width: 300px) 100vw, 300px\" \/><img loading=\"lazy\" decoding=\"async\" class=\"alignnone size-medium wp-image-52033\" src=\"http:\/\/portalcatolico.net\/portal\/wp-content\/uploads\/2018\/03\/DSCN0023-1-300x225.jpg\" alt=\"DSCN0023\" width=\"300\" height=\"225\" srcset=\"http:\/\/portalcatolico.net\/portal\/wp-content\/uploads\/2018\/03\/DSCN0023-1-300x225.jpg 300w, http:\/\/portalcatolico.net\/portal\/wp-content\/uploads\/2018\/03\/DSCN0023-1.jpg 640w\" sizes=\"auto, (max-width: 300px) 100vw, 300px\" \/><\/p>\n<p style=\"font-weight: 400;\"><img loading=\"lazy\" decoding=\"async\" class=\"alignnone size-medium wp-image-52034\" src=\"http:\/\/portalcatolico.net\/portal\/wp-content\/uploads\/2018\/03\/DSCN0034-300x225.jpg\" alt=\"DSCN0034\" width=\"300\" height=\"225\" srcset=\"http:\/\/portalcatolico.net\/portal\/wp-content\/uploads\/2018\/03\/DSCN0034-300x225.jpg 300w, http:\/\/portalcatolico.net\/portal\/wp-content\/uploads\/2018\/03\/DSCN0034.jpg 640w\" sizes=\"auto, (max-width: 300px) 100vw, 300px\" \/><img loading=\"lazy\" decoding=\"async\" class=\"alignnone size-medium wp-image-52035\" src=\"http:\/\/portalcatolico.net\/portal\/wp-content\/uploads\/2018\/03\/DSCN0020-300x225.jpg\" alt=\"DSCN0020\" width=\"300\" height=\"225\" srcset=\"http:\/\/portalcatolico.net\/portal\/wp-content\/uploads\/2018\/03\/DSCN0020-300x225.jpg 300w, http:\/\/portalcatolico.net\/portal\/wp-content\/uploads\/2018\/03\/DSCN0020.jpg 640w\" sizes=\"auto, (max-width: 300px) 100vw, 300px\" \/><\/p>\n<p style=\"font-weight: 400;\">\n","protected":false},"excerpt":{"rendered":"<p>Aconteceu neste domingo, 04 de mar\u00e7o, o Retiro Espiritual da Pastoral Familiar\u00a0da Par\u00f3quia Santa Rita de C\u00e1ssia da Diocese de Itabuna, no sul da Bahia. O evento aconteceu no Convento das Irm\u00e3s Cordolina, situada na BR 415, entre Itabuna e Ilh\u00e9us. Al\u00e9m dos membros da Pastoral, tamb\u00e9m estiveram presentes membros do EJC, MECE, e Grupo&nbsp;<\/p>\n<p><a class=\"btn btn-style\" href=\"http:\/\/portalcatolico.net\/portal\/paroquianos-se-reunem-em-retiro-espiritual-da-pastoral-familiar\/\">Continue Reading<\/a><\/p>\n","protected":false},"author":2,"featured_media":52031,"comment_status":"open","ping_status":"open","sticky":false,"template":"","format":"standard","meta":{"footnotes":""},"categories":[4],"tags":[],"class_list":["post-52030","post","type-post","status-publish","format-standard","has-post-thumbnail","hentry","category-destaques"],"_links":{"self":[{"href":"http:\/\/portalcatolico.net\/portal\/wp-json\/wp\/v2\/posts\/52030","targetHints":{"allow":["GET"]}}],"collection":[{"href":"http:\/\/portalcatolico.net\/portal\/wp-json\/wp\/v2\/posts"}],"about":[{"href":"http:\/\/portalcatolico.net\/portal\/wp-json\/wp\/v2\/types\/post"}],"author":[{"embeddable":true,"href":"http:\/\/portalcatolico.net\/portal\/wp-json\/wp\/v2\/users\/2"}],"replies":[{"embeddable":true,"href":"http:\/\/portalcatolico.net\/portal\/wp-json\/wp\/v2\/comments?post=52030"}],"version-history":[{"count":1,"href":"http:\/\/portalcatolico.net\/portal\/wp-json\/wp\/v2\/posts\/52030\/revisions"}],"predecessor-version":[{"id":52036,"href":"http:\/\/portalcatolico.net\/portal\/wp-json\/wp\/v2\/posts\/52030\/revisions\/52036"}],"wp:featuredmedia":[{"embeddable":true,"href":"http:\/\/portalcatolico.net\/portal\/wp-json\/wp\/v2\/media\/52031"}],"wp:attachment":[{"href":"http:\/\/portalcatolico.net\/portal\/wp-json\/wp\/v2\/media?parent=52030"}],"wp:term":[{"taxonomy":"category","embeddable":true,"href":"http:\/\/portalcatolico.net\/portal\/wp-json\/wp\/v2\/categories?post=52030"},{"taxonomy":"post_tag","embeddable":true,"href":"http:\/\/portalcatolico.net\/portal\/wp-json\/wp\/v2\/tags?post=52030"}],"curies":[{"name":"wp","href":"https:\/\/api.w.org\/{rel}","templated":true}]}}