{"id":52027,"date":"2018-03-04T22:31:40","date_gmt":"2018-03-05T01:31:40","guid":{"rendered":"http:\/\/portalcatolico.net\/portal\/?p=52027"},"modified":"2018-03-04T22:31:40","modified_gmt":"2018-03-05T01:31:40","slug":"ano-nacional-do-laicato-aconteceu-em-ibirataia","status":"publish","type":"post","link":"http:\/\/portalcatolico.net\/portal\/ano-nacional-do-laicato-aconteceu-em-ibirataia\/","title":{"rendered":"Ano Nacional do Laicato aconteceu em Ibirataia"},"content":{"rendered":"<p class=\"m_-4608230208288410484xmsonormal\"><em>A Diocese de Ilh\u00e9us, no sul da Bahia, est\u00e1 realizando Estudos de Forma\u00e7\u00e3o sobre o Ano Nacional do Laicato em todas as suas par\u00f3quias. Neste final de semana, a\u00a0\u00a0coordena\u00e7\u00e3o esteve em miss\u00e3o na cidade de Ibirataia (BA), na Par\u00f3quia S\u00e3o Jos\u00e9, com o sacerdote\u00a0\u00a0Evandro em mais uma estrutura\u00e7\u00e3o da Comiss\u00e3o Paroquial do Laicato.<u><\/u><u><\/u><\/em><\/p>\n<p class=\"m_-4608230208288410484xmsonormal\"><em>Vale lembrar, que os compromissos\u00a0diocesanos para o Ano do Laicato s\u00e3o: forma\u00e7\u00e3o da Comiss\u00e3o Paroquial do Laicato (que ser\u00e1 respons\u00e1vel em desenvolver o estudo do Documento CNBB 105); envolver organismos, pastorais e movimentos nas a\u00e7\u00f5es evangelizadoras de acordo ao Documento 105; realizar a Semana Paroquial mission\u00e1ria em julho; comemorar o Dia Mundial dos Pobres, na Par\u00f3quia, em 18 de novembro; al\u00e9m de participar do Congresso Diocesano do Laicato em 25 de novembro.<\/em><i><br \/>\n<\/i><em>Informa\u00e7\u00f5es e foto da Pascom -Diocese de Ilh\u00e9us<\/em><u><\/u><u><\/u><\/p>\n<p class=\"m_-4608230208288410484xgmail-msonospacing\"><em>Acompanhe fotos e v\u00eddeos na p\u00e1gina da diocese.<\/em><u><\/u><u><\/u><\/p>\n<p class=\"m_-4608230208288410484xgmail-msonospacing\"><em>Segue o link:\u00a0<a id=\"m_-4608230208288410484LPlnk96278\" href=\"https:\/\/www.facebook.com\/pascomdiocesedeilheus\/\" target=\"_blank\" data-saferedirecturl=\"https:\/\/www.google.com\/url?hl=pt-BR&amp;q=https:\/\/www.facebook.com\/pascomdiocesedeilheus\/&amp;source=gmail&amp;ust=1520299691799000&amp;usg=AFQjCNFAFp-ZZdBdWYndMWrwohoaWqB7RA\">https:\/\/www.facebook.<wbr \/>com\/pascomdiocesedeilheus\/<\/a><\/em><\/p>\n<p>&nbsp;<\/p>\n","protected":false},"excerpt":{"rendered":"<p>A Diocese de Ilh\u00e9us, no sul da Bahia, est\u00e1 realizando Estudos de Forma\u00e7\u00e3o sobre o Ano Nacional do Laicato em todas as suas par\u00f3quias. Neste final de semana, a\u00a0\u00a0coordena\u00e7\u00e3o esteve em miss\u00e3o na cidade de Ibirataia (BA), na Par\u00f3quia S\u00e3o Jos\u00e9, com o sacerdote\u00a0\u00a0Evandro em mais uma estrutura\u00e7\u00e3o da Comiss\u00e3o Paroquial do Laicato. Vale lembrar,&nbsp;<\/p>\n<p><a class=\"btn btn-style\" href=\"http:\/\/portalcatolico.net\/portal\/ano-nacional-do-laicato-aconteceu-em-ibirataia\/\">Continue Reading<\/a><\/p>\n","protected":false},"author":2,"featured_media":52028,"comment_status":"open","ping_status":"open","sticky":false,"template":"","format":"standard","meta":{"footnotes":""},"categories":[2],"tags":[],"class_list":["post-52027","post","type-post","status-publish","format-standard","has-post-thumbnail","hentry","category-eventos"],"_links":{"self":[{"href":"http:\/\/portalcatolico.net\/portal\/wp-json\/wp\/v2\/posts\/52027","targetHints":{"allow":["GET"]}}],"collection":[{"href":"http:\/\/portalcatolico.net\/portal\/wp-json\/wp\/v2\/posts"}],"about":[{"href":"http:\/\/portalcatolico.net\/portal\/wp-json\/wp\/v2\/types\/post"}],"author":[{"embeddable":true,"href":"http:\/\/portalcatolico.net\/portal\/wp-json\/wp\/v2\/users\/2"}],"replies":[{"embeddable":true,"href":"http:\/\/portalcatolico.net\/portal\/wp-json\/wp\/v2\/comments?post=52027"}],"version-history":[{"count":1,"href":"http:\/\/portalcatolico.net\/portal\/wp-json\/wp\/v2\/posts\/52027\/revisions"}],"predecessor-version":[{"id":52029,"href":"http:\/\/portalcatolico.net\/portal\/wp-json\/wp\/v2\/posts\/52027\/revisions\/52029"}],"wp:featuredmedia":[{"embeddable":true,"href":"http:\/\/portalcatolico.net\/portal\/wp-json\/wp\/v2\/media\/52028"}],"wp:attachment":[{"href":"http:\/\/portalcatolico.net\/portal\/wp-json\/wp\/v2\/media?parent=52027"}],"wp:term":[{"taxonomy":"category","embeddable":true,"href":"http:\/\/portalcatolico.net\/portal\/wp-json\/wp\/v2\/categories?post=52027"},{"taxonomy":"post_tag","embeddable":true,"href":"http:\/\/portalcatolico.net\/portal\/wp-json\/wp\/v2\/tags?post=52027"}],"curies":[{"name":"wp","href":"https:\/\/api.w.org\/{rel}","templated":true}]}}