{"id":52024,"date":"2018-03-04T22:17:26","date_gmt":"2018-03-05T01:17:26","guid":{"rendered":"http:\/\/portalcatolico.net\/portal\/?p=52024"},"modified":"2018-03-04T22:17:26","modified_gmt":"2018-03-05T01:17:26","slug":"primeiro-encontro-vocacional-acontece-em-itabuna","status":"publish","type":"post","link":"http:\/\/portalcatolico.net\/portal\/primeiro-encontro-vocacional-acontece-em-itabuna\/","title":{"rendered":"Primeiro Encontro Vocacional acontece em Itabuna"},"content":{"rendered":"<p class=\"m_-3569045270897249049xgmail-msonospacing\"><em>Aconteceu neste s\u00e1bado e domingo, o Primeiro Encontro Vocacional do ano de 2018, na Diocese de Itabuna, no sul da Bahia. A programa\u00e7\u00e3o foi repleta de anima\u00e7\u00e3o vocacional, ora\u00e7\u00e3o, Adora\u00e7\u00e3o ao Sant\u00edssimo Sacramento, missa, entre outros momentos de evangeliza\u00e7\u00e3o. Uma programa\u00e7\u00e3o que buscou proporcionar aos vocacionados, uma experi\u00eancia sobre o chamado que Deus tem para cada um.<\/em><u><\/u><u><\/u><\/p>\n<p class=\"m_-3569045270897249049xgmail-msonospacing\"><em>Estiveram presentes, jovens de diversas par\u00f3quias da\u00a0\u00a0Diocese, sendo auxiliados pela Equipe de Forma\u00e7\u00e3o do Semin\u00e1rio Proped\u00eautico S\u00e3o Jos\u00e9.<u><\/u><u><\/u><\/em><\/p>\n<p class=\"m_-3569045270897249049xgmail-msonospacing\"><em>\u00a0A primeira palestra teve como orientador, o di\u00e1cono permanente na Diocese de Itabuna, Trajano Oswaldo Oliveira Ribeiro.<u><\/u><u><\/u><\/em><\/p>\n<p class=\"m_-3569045270897249049xgmail-msonospacing\"><em>Os encontros vocacionais\u00a0\u00a0acontecem nos meses de abril a dezembro. Em abril, por exemplo, acontecer\u00e1 nos dias 07 e 08.<u><\/u><u><\/u><\/em><\/p>\n<p class=\"m_-3569045270897249049xgmail-msonospacing\"><em>As atividades ocorreram nas\u00a0depend\u00eancias do Semin\u00e1rio Proped\u00eautico S\u00e3o Jos\u00e9, sob a orienta\u00e7\u00e3o do reitor o padre Adriano Fernandes, do Di\u00e1cono Trajano Osvaldo e do bispo diocesano, Dom Carlos Alberto dos Santos entre outros.<u><\/u><u><\/u><\/em><\/p>\n<p class=\"m_-3569045270897249049xgmail-msonospacing\"><em>O encontro foi finalizado com a Santa Missa, neste domingo, \u00e0s 11h, presidida por Dom Carlos, e concelebrada pelo Pe. Adriano. Fernandes. Ao final do evento, foi servido um almo\u00e7o de confraterniza\u00e7\u00e3o.<\/em><u><\/u><u><\/u><\/p>\n<p class=\"m_-3569045270897249049xmsonormal\">Vale lembrar que,\u00a0<em>os jovens que queiram participar do encontro vocacionado e\u00a0\u00a0ingressar no Semin\u00e1rio, deve estar concluindo o Ensino M\u00e9dio ou cursando o Ensino Superior (ou ter conclu\u00eddo). Al\u00e9m disso, deve levar para a inscri\u00e7\u00e3o, uma carta do p\u00e1roco da Par\u00f3quia onde frequenta.<\/em><\/p>\n<p class=\"m_-3569045270897249049xmsonormal\">Foto: Vocacionado\/Davi de Maria<\/p>\n<p class=\"m_-3569045270897249049xmsonormal\">Reportagem:Valdeni Elias<\/p>\n<p class=\"m_-3569045270897249049xmsonormal\">Edi\u00e7\u00e3o de texto:Anara Passos<\/p>\n","protected":false},"excerpt":{"rendered":"<p>Aconteceu neste s\u00e1bado e domingo, o Primeiro Encontro Vocacional do ano de 2018, na Diocese de Itabuna, no sul da Bahia. A programa\u00e7\u00e3o foi repleta de anima\u00e7\u00e3o vocacional, ora\u00e7\u00e3o, Adora\u00e7\u00e3o ao Sant\u00edssimo Sacramento, missa, entre outros momentos de evangeliza\u00e7\u00e3o. Uma programa\u00e7\u00e3o que buscou proporcionar aos vocacionados, uma experi\u00eancia sobre o chamado que Deus tem para&nbsp;<\/p>\n<p><a class=\"btn btn-style\" href=\"http:\/\/portalcatolico.net\/portal\/primeiro-encontro-vocacional-acontece-em-itabuna\/\">Continue Reading<\/a><\/p>\n","protected":false},"author":2,"featured_media":52025,"comment_status":"open","ping_status":"open","sticky":false,"template":"","format":"standard","meta":{"footnotes":""},"categories":[4],"tags":[],"class_list":["post-52024","post","type-post","status-publish","format-standard","has-post-thumbnail","hentry","category-destaques"],"_links":{"self":[{"href":"http:\/\/portalcatolico.net\/portal\/wp-json\/wp\/v2\/posts\/52024","targetHints":{"allow":["GET"]}}],"collection":[{"href":"http:\/\/portalcatolico.net\/portal\/wp-json\/wp\/v2\/posts"}],"about":[{"href":"http:\/\/portalcatolico.net\/portal\/wp-json\/wp\/v2\/types\/post"}],"author":[{"embeddable":true,"href":"http:\/\/portalcatolico.net\/portal\/wp-json\/wp\/v2\/users\/2"}],"replies":[{"embeddable":true,"href":"http:\/\/portalcatolico.net\/portal\/wp-json\/wp\/v2\/comments?post=52024"}],"version-history":[{"count":1,"href":"http:\/\/portalcatolico.net\/portal\/wp-json\/wp\/v2\/posts\/52024\/revisions"}],"predecessor-version":[{"id":52026,"href":"http:\/\/portalcatolico.net\/portal\/wp-json\/wp\/v2\/posts\/52024\/revisions\/52026"}],"wp:featuredmedia":[{"embeddable":true,"href":"http:\/\/portalcatolico.net\/portal\/wp-json\/wp\/v2\/media\/52025"}],"wp:attachment":[{"href":"http:\/\/portalcatolico.net\/portal\/wp-json\/wp\/v2\/media?parent=52024"}],"wp:term":[{"taxonomy":"category","embeddable":true,"href":"http:\/\/portalcatolico.net\/portal\/wp-json\/wp\/v2\/categories?post=52024"},{"taxonomy":"post_tag","embeddable":true,"href":"http:\/\/portalcatolico.net\/portal\/wp-json\/wp\/v2\/tags?post=52024"}],"curies":[{"name":"wp","href":"https:\/\/api.w.org\/{rel}","templated":true}]}}