{"id":52021,"date":"2018-03-04T19:51:05","date_gmt":"2018-03-04T22:51:05","guid":{"rendered":"http:\/\/portalcatolico.net\/portal\/?p=52021"},"modified":"2018-03-04T19:51:05","modified_gmt":"2018-03-04T22:51:05","slug":"papa-alerta-sobre-o-perigo-de-viver-sempre-em-busca-do-proprio-beneficio","status":"publish","type":"post","link":"http:\/\/portalcatolico.net\/portal\/papa-alerta-sobre-o-perigo-de-viver-sempre-em-busca-do-proprio-beneficio\/","title":{"rendered":"Papa alerta sobre o perigo de viver sempre em busca do pr\u00f3prio benef\u00edcio"},"content":{"rendered":"<p>O Papa Francisco presidiu da janela do Pal\u00e1cio Pontif\u00edcio a ora\u00e7\u00e3o do \u00c2ngelus neste domingo, diante de milhares de pessoas na Pra\u00e7a de S\u00e3o Pedro. Mas antes, explicou o Evangelho do dia que narra como Jesus expulsa os vendedores do templo de Jerusal\u00e9m e alertou contra uma tenta\u00e7\u00e3o na qual todos podem cair.<\/p>\n<p>\u201cDe fato, \u00e9 comum a tenta\u00e7\u00e3o de aproveitar de atividades ben\u00e9ficas, \u00e0s vezes obrigat\u00f3rias, para cultivar interesses privados, se n\u00e3o at\u00e9 mesmo il\u00edcitos \u00c9 um grave perigo, especialmente quando instrumentaliza o pr\u00f3prio Deus e o culto a Ele devido, ou o servi\u00e7o ao homem, sua imagem. Por isso, Jesus naquela vez usou modos firmes para nos alertar deste perigo mortal\u201d.<\/p>\n<p>O Bispo de Roma assegurou que a atitude de Jesus no Evangelho \u201cnos exorta a viver a nossa\u00a0vida\u00a0n\u00e3o em busca de vantagens e interesses, mas pela gl\u00f3ria de Deus que \u00e9 o amor\u201d.<\/p>\n<p>Falando sobre o que Jesus fez na esplanada do templo, afirmou que \u201cesta a\u00e7\u00e3o firme, realizada perto da P\u00e1scoa, impressionou a multid\u00e3o e suscitou a hostilidade das autoridades religiosas e das pessoas que se sentiram amea\u00e7adas em seus interesses econ\u00f4micos\u201d.<\/p>\n<p>\u201cCertamente n\u00e3o era uma a\u00e7\u00e3o violenta, tanto \u00e9 verdade que n\u00e3o provocou a interven\u00e7\u00e3o dos respons\u00e1veis pela ordem p\u00fablica. Foi interpretada como uma a\u00e7\u00e3o t\u00edpica dos profetas, os quais com frequ\u00eancia denunciavam, em nome de Deus, abusos e excessos\u201d.<\/p>\n<p>O Papa explicou que, para interpretar o gesto de Jesus, os disc\u00edpulos utilizaram um texto b\u00edblico do salmo 69: \u201cO zelo por tua casa me consumir\u00e1\u201d.<\/p>\n<p>\u201cEste salmo \u00e9 uma invoca\u00e7\u00e3o de ajuda numa situa\u00e7\u00e3o de extremo perigo por causa do \u00f3dio dos inimigos: a situa\u00e7\u00e3o que Jesus viver\u00e1 na sua paix\u00e3o. O zelo pelo Pai e por sua casa o levar\u00e1 at\u00e9 a cruz\u201d.<\/p>\n<p>\u201cO \u2018sinal\u2019 que Jesus dar\u00e1 como prova da sua autoridade ser\u00e1 justamente a sua morte e ressurrei\u00e7\u00e3o\u201d, recordou. Assim, \u201ccom a P\u00e1scoa de Jesus, tem in\u00edcio um novo culto, o culto do amor, e um novo templo que \u00e9 Ele pr\u00f3prio\u201d.<\/p>\n<p>\u201cSomos chamados a ter sempre presentes aquelas palavras fortes de Jesus: \u2018N\u00e3o fa\u00e7ais da casa de meu Pai uma casa de com\u00e9rcio!\u2019\u201d, porque \u201celas nos ajudam a refutar o perigo de fazer da nossa alma, que \u00e9 morada de Deus, um lugar de com\u00e9rcio, vivendo na busca cont\u00ednua da nossa recompensa, ao inv\u00e9s que no amor generoso e solid\u00e1rio\u201d.<\/p>\n<p>Francisco sublinhou que \u201ceste ensinamento de Jesus \u00e9 sempre atual, n\u00e3o somente para as comunidades eclesiais, mas tamb\u00e9m para os indiv\u00edduos, para as comunidades civis e para as sociedades\u201d.(ACI Digital)<\/p>\n<p>Papa Francisco durante o \u00c2ngelus. Foto: Marina Testino \/ ACI Prensa<\/p>\n","protected":false},"excerpt":{"rendered":"<p>O Papa Francisco presidiu da janela do Pal\u00e1cio Pontif\u00edcio a ora\u00e7\u00e3o do \u00c2ngelus neste domingo, diante de milhares de pessoas na Pra\u00e7a de S\u00e3o Pedro. Mas antes, explicou o Evangelho do dia que narra como Jesus expulsa os vendedores do templo de Jerusal\u00e9m e alertou contra uma tenta\u00e7\u00e3o na qual todos podem cair. \u201cDe fato,&nbsp;<\/p>\n<p><a class=\"btn btn-style\" href=\"http:\/\/portalcatolico.net\/portal\/papa-alerta-sobre-o-perigo-de-viver-sempre-em-busca-do-proprio-beneficio\/\">Continue Reading<\/a><\/p>\n","protected":false},"author":2,"featured_media":52022,"comment_status":"open","ping_status":"open","sticky":false,"template":"","format":"standard","meta":{"footnotes":""},"categories":[5],"tags":[],"class_list":["post-52021","post","type-post","status-publish","format-standard","has-post-thumbnail","hentry","category-igreja_no_mundo"],"_links":{"self":[{"href":"http:\/\/portalcatolico.net\/portal\/wp-json\/wp\/v2\/posts\/52021","targetHints":{"allow":["GET"]}}],"collection":[{"href":"http:\/\/portalcatolico.net\/portal\/wp-json\/wp\/v2\/posts"}],"about":[{"href":"http:\/\/portalcatolico.net\/portal\/wp-json\/wp\/v2\/types\/post"}],"author":[{"embeddable":true,"href":"http:\/\/portalcatolico.net\/portal\/wp-json\/wp\/v2\/users\/2"}],"replies":[{"embeddable":true,"href":"http:\/\/portalcatolico.net\/portal\/wp-json\/wp\/v2\/comments?post=52021"}],"version-history":[{"count":1,"href":"http:\/\/portalcatolico.net\/portal\/wp-json\/wp\/v2\/posts\/52021\/revisions"}],"predecessor-version":[{"id":52023,"href":"http:\/\/portalcatolico.net\/portal\/wp-json\/wp\/v2\/posts\/52021\/revisions\/52023"}],"wp:featuredmedia":[{"embeddable":true,"href":"http:\/\/portalcatolico.net\/portal\/wp-json\/wp\/v2\/media\/52022"}],"wp:attachment":[{"href":"http:\/\/portalcatolico.net\/portal\/wp-json\/wp\/v2\/media?parent=52021"}],"wp:term":[{"taxonomy":"category","embeddable":true,"href":"http:\/\/portalcatolico.net\/portal\/wp-json\/wp\/v2\/categories?post=52021"},{"taxonomy":"post_tag","embeddable":true,"href":"http:\/\/portalcatolico.net\/portal\/wp-json\/wp\/v2\/tags?post=52021"}],"curies":[{"name":"wp","href":"https:\/\/api.w.org\/{rel}","templated":true}]}}