{"id":52014,"date":"2018-03-04T09:01:43","date_gmt":"2018-03-04T12:01:43","guid":{"rendered":"http:\/\/portalcatolico.net\/portal\/?p=52014"},"modified":"2018-03-04T09:12:02","modified_gmt":"2018-03-04T12:12:02","slug":"confira-a-programacao-da-festa-do-padroeiro-da-cidade-da-diocese-e-da-catedral-de-itabuna","status":"publish","type":"post","link":"http:\/\/portalcatolico.net\/portal\/confira-a-programacao-da-festa-do-padroeiro-da-cidade-da-diocese-e-da-catedral-de-itabuna\/","title":{"rendered":"Confira a programa\u00e7\u00e3o da Festa do padroeiro da cidade, da Diocese e da Catedral de Itabuna."},"content":{"rendered":"<p style=\"font-weight: 400;\">A Diocese de Itabuna est\u00e1 divulgando a programa\u00e7\u00e3o oficial do Noven\u00e1rio e Festa de S\u00e3o Jos\u00e9, que este ano tem como tema central: \u201cCrist\u00e3os leigos e leigas na Igreja e na sociedade- Sal da terra e luz do mundo\u201d(MT. 5,13-14).<\/p>\n<p style=\"font-weight: 400;\">As festividades ter\u00e3o in\u00edcio no pr\u00f3ximo s\u00e1bado, dia 10, com a primeira noite da novena, e prosseguem at\u00e9 o dia 19 de mar\u00e7o, o grande dia festivo. Para este dia, est\u00e3o programadas missas e a tradicional prociss\u00e3o que percorrer\u00e1 as principais ruas e avenidas da cidade.<\/p>\n<p style=\"font-weight: 400;\">\u00a0A primeira noite do Noven\u00e1rio ter\u00e1 in\u00edcio \u00e0s 18h, na Catedral. Est\u00e3o sendo convidados fi\u00e9is da Par\u00f3quia Santa Rita de C\u00e1ssia, do bairro do S\u00e3o Caetano, e da Par\u00f3quia Nossa Senhora das Vit\u00f3rias, do bairro Jardim Vit\u00f3ria. Tamb\u00e9m participar\u00e3o da celebra\u00e7\u00e3o de abertura:\u00a0\u00a0taxistas, mototaxistas, Associa\u00e7\u00e3o Comercial, CDL, SINDICOM, empresas e institui\u00e7\u00f5es financeiras.<\/p>\n<p style=\"font-weight: 400;\">A Diocese de\u00a0Itabuna\u00a0tem mais duas par\u00f3quias dedicadas\u00a0a S\u00e3o Jos\u00e9: nas cidades de Una e S\u00e3o Jos\u00e9 da Vit\u00f3ria. Assim como em Itabuna, nessas cidades, ser\u00e1 feriado no dia 19 de mar\u00e7o.<\/p>\n<p style=\"font-weight: 400;\">No grande dia festivo, a programa\u00e7\u00e3o especial segue assim:<\/p>\n<p style=\"font-weight: 400;\">\u00a05h: Alvorada festiva, 7h: Missa Solene; 10h: Solene Concelebra\u00e7\u00e3o Eucar\u00edstica, presidida pelo Bispo Diocesano, Dom Carlos Alberto dos Santos.<\/p>\n<p style=\"font-weight: 400;\">14h: Missa de Romaria e b\u00ean\u00e7\u00e3o dos objetos.<\/p>\n<p style=\"font-weight: 400;\">16h: Solene Prociss\u00e3o com a Imagem de S\u00e3o Jos\u00e9 pelas ruas e avenidas de Itabuna.<\/p>\n<p>Encerramento: B\u00ean\u00e7\u00e3o do Sant\u00edssimo Sacramento.<\/p>\n<p style=\"font-weight: 400;\">Em breve, voc\u00ea confere aqui, a programa\u00e7\u00e3o completa e tudo que vai acontecer durante o Noven\u00e1rio.\u00a0\u00a0\u00a0Acompanhe e participe!<\/p>\n<p style=\"font-weight: 400;\">Foto: Valdeni Elias<\/p>\n<p style=\"font-weight: 400;\">Edi\u00e7\u00e3o de texto: Anara Passos (Jornalista- DRT 7574)<\/p>\n","protected":false},"excerpt":{"rendered":"<p>A Diocese de Itabuna est\u00e1 divulgando a programa\u00e7\u00e3o oficial do Noven\u00e1rio e Festa de S\u00e3o Jos\u00e9, que este ano tem como tema central: \u201cCrist\u00e3os leigos e leigas na Igreja e na sociedade- Sal da terra e luz do mundo\u201d(MT. 5,13-14). As festividades ter\u00e3o in\u00edcio no pr\u00f3ximo s\u00e1bado, dia 10, com a primeira noite da novena,&nbsp;<\/p>\n<p><a class=\"btn btn-style\" href=\"http:\/\/portalcatolico.net\/portal\/confira-a-programacao-da-festa-do-padroeiro-da-cidade-da-diocese-e-da-catedral-de-itabuna\/\">Continue Reading<\/a><\/p>\n","protected":false},"author":2,"featured_media":52019,"comment_status":"open","ping_status":"open","sticky":false,"template":"","format":"standard","meta":{"footnotes":""},"categories":[1],"tags":[],"class_list":["post-52014","post","type-post","status-publish","format-standard","has-post-thumbnail","hentry","category-agenda"],"_links":{"self":[{"href":"http:\/\/portalcatolico.net\/portal\/wp-json\/wp\/v2\/posts\/52014","targetHints":{"allow":["GET"]}}],"collection":[{"href":"http:\/\/portalcatolico.net\/portal\/wp-json\/wp\/v2\/posts"}],"about":[{"href":"http:\/\/portalcatolico.net\/portal\/wp-json\/wp\/v2\/types\/post"}],"author":[{"embeddable":true,"href":"http:\/\/portalcatolico.net\/portal\/wp-json\/wp\/v2\/users\/2"}],"replies":[{"embeddable":true,"href":"http:\/\/portalcatolico.net\/portal\/wp-json\/wp\/v2\/comments?post=52014"}],"version-history":[{"count":3,"href":"http:\/\/portalcatolico.net\/portal\/wp-json\/wp\/v2\/posts\/52014\/revisions"}],"predecessor-version":[{"id":52020,"href":"http:\/\/portalcatolico.net\/portal\/wp-json\/wp\/v2\/posts\/52014\/revisions\/52020"}],"wp:featuredmedia":[{"embeddable":true,"href":"http:\/\/portalcatolico.net\/portal\/wp-json\/wp\/v2\/media\/52019"}],"wp:attachment":[{"href":"http:\/\/portalcatolico.net\/portal\/wp-json\/wp\/v2\/media?parent=52014"}],"wp:term":[{"taxonomy":"category","embeddable":true,"href":"http:\/\/portalcatolico.net\/portal\/wp-json\/wp\/v2\/categories?post=52014"},{"taxonomy":"post_tag","embeddable":true,"href":"http:\/\/portalcatolico.net\/portal\/wp-json\/wp\/v2\/tags?post=52014"}],"curies":[{"name":"wp","href":"https:\/\/api.w.org\/{rel}","templated":true}]}}