{"id":52011,"date":"2018-03-03T22:39:50","date_gmt":"2018-03-04T01:39:50","guid":{"rendered":"http:\/\/portalcatolico.net\/portal\/?p=52011"},"modified":"2018-03-04T08:40:21","modified_gmt":"2018-03-04T11:40:21","slug":"catolicos-baianos-participam-de-via-sacra","status":"publish","type":"post","link":"http:\/\/portalcatolico.net\/portal\/catolicos-baianos-participam-de-via-sacra\/","title":{"rendered":"Cat\u00f3licos baianos participam de Via Sacra"},"content":{"rendered":"<p style=\"font-weight: 400;\"><em>Fieis cat\u00f3licos da Par\u00f3quia\u00a0\u00a0S\u00e3o Jos\u00e9\u00a0\u00a0na cidade de Una (BA) e da Comunidade S\u00e3o Sebasti\u00e3o, no distrito de Comandatuba (BA) participaram, na noite de ontem (02), da Via Sacra pelas ruas do centro da cidade, narrando a Paix\u00e3o e Morte de Cristo, dividida nas Esta\u00e7\u00f5es.<\/em><\/p>\n<p><em>A Via-Sacra \u00e9, costumeiramente, ligada \u00e0 Campanha da Fraternidade, cujo tema em 2018 \u00e9 &#8220;Fraternidade e Supera\u00e7\u00e3o da Viol\u00eancia&#8221;.<\/em><\/p>\n<p><em>Em todas as esta\u00e7\u00f5es, eram lembrados temas como: viol\u00eancia dom\u00e9stica, sexual, contra o trabalhador rural; viol\u00eancia no tr\u00e2nsito, das autoridades, da intoler\u00e2ncia contra as religi\u00f5es minorit\u00e1rias; o preconceito e a coes\u00e3o social, a viol\u00eancia contra n\u00f3s mesmos e contra a natureza. Edi\u00e7\u00e3o e adapta\u00e7\u00e3o\u00a0do texto\/Reda\u00e7\u00e3o Portal\u00a0<\/em><i>Cat\u00f3lico.Net<\/i><\/p>\n<p style=\"font-weight: 400;\"><em>Informa\u00e7\u00f5es e foto: Pascom\/Par\u00f3quia S\u00e3o Jos\u00e9 de Una<\/em><\/p>\n","protected":false},"excerpt":{"rendered":"<p>Fieis cat\u00f3licos da Par\u00f3quia\u00a0\u00a0S\u00e3o Jos\u00e9\u00a0\u00a0na cidade de Una (BA) e da Comunidade S\u00e3o Sebasti\u00e3o, no distrito de Comandatuba (BA) participaram, na noite de ontem (02), da Via Sacra pelas ruas do centro da cidade, narrando a Paix\u00e3o e Morte de Cristo, dividida nas Esta\u00e7\u00f5es. A Via-Sacra \u00e9, costumeiramente, ligada \u00e0 Campanha da Fraternidade, cujo tema&nbsp;<\/p>\n<p><a class=\"btn btn-style\" href=\"http:\/\/portalcatolico.net\/portal\/catolicos-baianos-participam-de-via-sacra\/\">Continue Reading<\/a><\/p>\n","protected":false},"author":2,"featured_media":52012,"comment_status":"open","ping_status":"open","sticky":false,"template":"","format":"standard","meta":{"footnotes":""},"categories":[3],"tags":[],"class_list":["post-52011","post","type-post","status-publish","format-standard","has-post-thumbnail","hentry","category-noticias_regionais"],"_links":{"self":[{"href":"http:\/\/portalcatolico.net\/portal\/wp-json\/wp\/v2\/posts\/52011","targetHints":{"allow":["GET"]}}],"collection":[{"href":"http:\/\/portalcatolico.net\/portal\/wp-json\/wp\/v2\/posts"}],"about":[{"href":"http:\/\/portalcatolico.net\/portal\/wp-json\/wp\/v2\/types\/post"}],"author":[{"embeddable":true,"href":"http:\/\/portalcatolico.net\/portal\/wp-json\/wp\/v2\/users\/2"}],"replies":[{"embeddable":true,"href":"http:\/\/portalcatolico.net\/portal\/wp-json\/wp\/v2\/comments?post=52011"}],"version-history":[{"count":1,"href":"http:\/\/portalcatolico.net\/portal\/wp-json\/wp\/v2\/posts\/52011\/revisions"}],"predecessor-version":[{"id":52013,"href":"http:\/\/portalcatolico.net\/portal\/wp-json\/wp\/v2\/posts\/52011\/revisions\/52013"}],"wp:featuredmedia":[{"embeddable":true,"href":"http:\/\/portalcatolico.net\/portal\/wp-json\/wp\/v2\/media\/52012"}],"wp:attachment":[{"href":"http:\/\/portalcatolico.net\/portal\/wp-json\/wp\/v2\/media?parent=52011"}],"wp:term":[{"taxonomy":"category","embeddable":true,"href":"http:\/\/portalcatolico.net\/portal\/wp-json\/wp\/v2\/categories?post=52011"},{"taxonomy":"post_tag","embeddable":true,"href":"http:\/\/portalcatolico.net\/portal\/wp-json\/wp\/v2\/tags?post=52011"}],"curies":[{"name":"wp","href":"https:\/\/api.w.org\/{rel}","templated":true}]}}