{"id":52007,"date":"2018-03-03T18:21:31","date_gmt":"2018-03-03T21:21:31","guid":{"rendered":"http:\/\/portalcatolico.net\/portal\/?p=52007"},"modified":"2018-03-03T18:21:31","modified_gmt":"2018-03-03T21:21:31","slug":"dom-manoel-delson-quaresma-e-tempo-de-saida-de-nos-mesmos","status":"publish","type":"post","link":"http:\/\/portalcatolico.net\/portal\/dom-manoel-delson-quaresma-e-tempo-de-saida-de-nos-mesmos\/","title":{"rendered":"Dom Manoel Delson: \u201cQuaresma \u00e9 tempo de sa\u00edda de n\u00f3s mesmos\u201d"},"content":{"rendered":"<p>O tempo quaresmal proporciona a prepara\u00e7\u00e3o para a P\u00e1scoa. Nele os crist\u00e3os s\u00e3o convidados a percorrer um itiner\u00e1rio espiritual com 40 dias de ora\u00e7\u00e3o intensa, jejum e penit\u00eancia. \u201cSabemos que os 40 dias referem-se aos 40 anos do \u00caxodo. \u00c9 um tempo suficiente para um caminho de liberta\u00e7\u00e3o. Assim aprendemos da Igreja\u201d, afirma o arcebispo da Para\u00edba, dom Manoel Delson.<\/p>\n<div id=\"attachment_165284\" class=\"wp-caption alignright\"><a href=\"http:\/\/cnbb.net.br\/dom-manoel-delson-quaresma-e-tempo-de-saida-de-nos-mesmos\/dom-manoel\/\"><img loading=\"lazy\" decoding=\"async\" class=\"wp-image-165284 size-medium\" src=\"http:\/\/cnbb.net.br\/wp-content\/uploads\/sites\/32\/2018\/03\/Dom-Manoel-300x185.jpg\" srcset=\"http:\/\/cnbb.net.br\/wp-content\/uploads\/sites\/32\/2018\/03\/Dom-Manoel-300x185.jpg 300w, http:\/\/cnbb.net.br\/wp-content\/uploads\/sites\/32\/2018\/03\/Dom-Manoel.jpg 720w\" alt=\"\" width=\"300\" height=\"185\" \/><\/a><\/p>\n<p class=\"wp-caption-text\">Na foto, dom Manoel Delson, arcebispo da Para\u00edba<\/p>\n<\/div>\n<p>O fato \u00e9 que a espiritualidade quaresmal gera a acolhida do Minist\u00e9rio Pascal, da Paix\u00e3o, Morte e Ressurei\u00e7\u00e3o de Jesus Cristo. \u201cO Filho de Deus se entregou por toda a humanidade nas m\u00e3os dos homens, padeceu todo tipo de supl\u00edcio, maltratado, injuriado, fizeram-no carregar a cruz, no calv\u00e1rio pregaram-no no madeiro e o ergueram entre bandidos. Sua morte cruenta transformou-se em rem\u00e9dio de salva\u00e7\u00e3o para todos n\u00f3s. Mas o Pai, que \u00e9 Deus, o ressuscitou glorioso\u201d, enfatiza o arcebispo.<\/p>\n<p>Os 40 dias v\u00e3o da quarta-feira de cinzas at\u00e9 o Domingo de Ramos, tempo no qual, dom Delson afirma que deve-se vivenciar o esp\u00edrito do Ex\u00f4do: \u201cComo Povo de Deus, conduzido pela sua Palavra, sairemos da Terra da Escravid\u00e3o, do pecado (ego\u00edsmo, maldade, injusti\u00e7a, viol\u00eancia, hedonismo, v\u00edcios) para a Terra Prometida da realiza\u00e7\u00e3o das Promessas Divinas em rela\u00e7\u00e3o \u00e0 humanidade.<\/p>\n<blockquote><p><strong>\u201cQuaresma \u00e9 tempo de sa\u00edda de n\u00f3s mesmos, mundo de fraqueza e fechamento, para irmos ao encontro do outro, mundo da abertura e fortalecimento, na conviv\u00eancia amorosa e fraterna, afirma o arcebispo.<\/strong><\/p><\/blockquote>\n<p>No caminho quaresmal, a Igreja Cat\u00f3lica convida os fi\u00e9is ao \u00eaxodo existencial ou a \u201csair da frouxid\u00e3o na vida espiritual\u201d, como define dom Delson. Para ele, a Quaresma \u00e9 um tempo favor\u00e1vel para a mortifica\u00e7\u00e3o. \u201cSabe-se que Ad\u00e3o continua a cair quando pecamos, mas a Igreja recorda sempre que o pecado n\u00e3o tem a palavra final em nossas vidas. O tempo da Quaresma \u00e9 um caminho pedag\u00f3gico que forma o homem interior, que o conduz \u00e0 Vit\u00f3ria Pascal de Cristo. Portanto, Quaresma \u00e9 sa\u00edda, sa\u00edda da vida velha para a vida cheia da esperan\u00e7a de Cristo!\u201d, diz.<\/p>\n<blockquote><p><strong>\u201cCom a Virgem Maria, somos seguramente conduzidos aos \u00faltimos momentos dram\u00e1ticos de Seu Filho, Jesus Cristo. E com Ela celebramos com alegria o \u201cvencer\u201d de Deus sobre os nossos pecados e escurid\u00f5es\u201d, finaliza o bispo.(CNBB)<\/strong><\/p><\/blockquote>\n","protected":false},"excerpt":{"rendered":"<p>O tempo quaresmal proporciona a prepara\u00e7\u00e3o para a P\u00e1scoa. Nele os crist\u00e3os s\u00e3o convidados a percorrer um itiner\u00e1rio espiritual com 40 dias de ora\u00e7\u00e3o intensa, jejum e penit\u00eancia. \u201cSabemos que os 40 dias referem-se aos 40 anos do \u00caxodo. \u00c9 um tempo suficiente para um caminho de liberta\u00e7\u00e3o. Assim aprendemos da Igreja\u201d, afirma o arcebispo&nbsp;<\/p>\n<p><a class=\"btn btn-style\" href=\"http:\/\/portalcatolico.net\/portal\/dom-manoel-delson-quaresma-e-tempo-de-saida-de-nos-mesmos\/\">Continue Reading<\/a><\/p>\n","protected":false},"author":2,"featured_media":52008,"comment_status":"open","ping_status":"open","sticky":false,"template":"","format":"standard","meta":{"footnotes":""},"categories":[69],"tags":[],"class_list":["post-52007","post","type-post","status-publish","format-standard","has-post-thumbnail","hentry","category-artigos"],"_links":{"self":[{"href":"http:\/\/portalcatolico.net\/portal\/wp-json\/wp\/v2\/posts\/52007","targetHints":{"allow":["GET"]}}],"collection":[{"href":"http:\/\/portalcatolico.net\/portal\/wp-json\/wp\/v2\/posts"}],"about":[{"href":"http:\/\/portalcatolico.net\/portal\/wp-json\/wp\/v2\/types\/post"}],"author":[{"embeddable":true,"href":"http:\/\/portalcatolico.net\/portal\/wp-json\/wp\/v2\/users\/2"}],"replies":[{"embeddable":true,"href":"http:\/\/portalcatolico.net\/portal\/wp-json\/wp\/v2\/comments?post=52007"}],"version-history":[{"count":1,"href":"http:\/\/portalcatolico.net\/portal\/wp-json\/wp\/v2\/posts\/52007\/revisions"}],"predecessor-version":[{"id":52009,"href":"http:\/\/portalcatolico.net\/portal\/wp-json\/wp\/v2\/posts\/52007\/revisions\/52009"}],"wp:featuredmedia":[{"embeddable":true,"href":"http:\/\/portalcatolico.net\/portal\/wp-json\/wp\/v2\/media\/52008"}],"wp:attachment":[{"href":"http:\/\/portalcatolico.net\/portal\/wp-json\/wp\/v2\/media?parent=52007"}],"wp:term":[{"taxonomy":"category","embeddable":true,"href":"http:\/\/portalcatolico.net\/portal\/wp-json\/wp\/v2\/categories?post=52007"},{"taxonomy":"post_tag","embeddable":true,"href":"http:\/\/portalcatolico.net\/portal\/wp-json\/wp\/v2\/tags?post=52007"}],"curies":[{"name":"wp","href":"https:\/\/api.w.org\/{rel}","templated":true}]}}