{"id":52002,"date":"2018-03-03T08:58:08","date_gmt":"2018-03-03T11:58:08","guid":{"rendered":"http:\/\/portalcatolico.net\/portal\/?p=52002"},"modified":"2018-03-03T08:58:30","modified_gmt":"2018-03-03T11:58:30","slug":"dom-murilo-acolhe-recem-ordenados-e-recem-chegados-a-arquidiocese-de-salvador","status":"publish","type":"post","link":"http:\/\/portalcatolico.net\/portal\/dom-murilo-acolhe-recem-ordenados-e-recem-chegados-a-arquidiocese-de-salvador\/","title":{"rendered":"Dom Murilo acolhe rec\u00e9m-ordenados e rec\u00e9m-chegados \u00e0 Arquidiocese de Salvador"},"content":{"rendered":"<p>No dia 10 de mar\u00e7o, o Arcebispo de Salvador e Primaz do Brasil, Dom Murilo Krieger, acolher\u00e1 os padres e di\u00e1conos rec\u00e9m-ordenados, os religiosos, as religiosas, os consagrados e as consagradas dos diversos institutos rec\u00e9m-chegados \u00e0 Arquidiocese, e os seminaristas das etapas proped\u00eautica, filosofia e teologia. O encontro acontecer\u00e1 \u00e0s 9h, no Centro Arquidiocesano de Pastoral (Avenida Leovigildo Filgueiras, 270, Garcia).<\/p>\n<p>Na ocasi\u00e3o, tamb\u00e9m ser\u00e3o apresentadas as orienta\u00e7\u00f5es principais da Arquidiocese de Salvador, bem como o Plano de Pastoral e as Prioridades Pastorais para o ano de 2018 e informa\u00e7\u00f5es sobre a organiza\u00e7\u00e3o e o funcionamento da C\u00faria Metropolitana de Salvador.<\/p>\n<p>\u00c9 importante lembrar que os participantes devem confirmar presen\u00e7a pelos telefones (71) 4009-6636 \/ 66055.<\/p>\n<p>Informa\u00e7\u00f5es e foto:Arquidiocese de Salvador<\/p>\n","protected":false},"excerpt":{"rendered":"<p>No dia 10 de mar\u00e7o, o Arcebispo de Salvador e Primaz do Brasil, Dom Murilo Krieger, acolher\u00e1 os padres e di\u00e1conos rec\u00e9m-ordenados, os religiosos, as religiosas, os consagrados e as consagradas dos diversos institutos rec\u00e9m-chegados \u00e0 Arquidiocese, e os seminaristas das etapas proped\u00eautica, filosofia e teologia. O encontro acontecer\u00e1 \u00e0s 9h, no Centro Arquidiocesano de&nbsp;<\/p>\n<p><a class=\"btn btn-style\" href=\"http:\/\/portalcatolico.net\/portal\/dom-murilo-acolhe-recem-ordenados-e-recem-chegados-a-arquidiocese-de-salvador\/\">Continue Reading<\/a><\/p>\n","protected":false},"author":2,"featured_media":52004,"comment_status":"open","ping_status":"open","sticky":false,"template":"","format":"standard","meta":{"footnotes":""},"categories":[3],"tags":[],"class_list":["post-52002","post","type-post","status-publish","format-standard","has-post-thumbnail","hentry","category-noticias_regionais"],"_links":{"self":[{"href":"http:\/\/portalcatolico.net\/portal\/wp-json\/wp\/v2\/posts\/52002","targetHints":{"allow":["GET"]}}],"collection":[{"href":"http:\/\/portalcatolico.net\/portal\/wp-json\/wp\/v2\/posts"}],"about":[{"href":"http:\/\/portalcatolico.net\/portal\/wp-json\/wp\/v2\/types\/post"}],"author":[{"embeddable":true,"href":"http:\/\/portalcatolico.net\/portal\/wp-json\/wp\/v2\/users\/2"}],"replies":[{"embeddable":true,"href":"http:\/\/portalcatolico.net\/portal\/wp-json\/wp\/v2\/comments?post=52002"}],"version-history":[{"count":2,"href":"http:\/\/portalcatolico.net\/portal\/wp-json\/wp\/v2\/posts\/52002\/revisions"}],"predecessor-version":[{"id":52006,"href":"http:\/\/portalcatolico.net\/portal\/wp-json\/wp\/v2\/posts\/52002\/revisions\/52006"}],"wp:featuredmedia":[{"embeddable":true,"href":"http:\/\/portalcatolico.net\/portal\/wp-json\/wp\/v2\/media\/52004"}],"wp:attachment":[{"href":"http:\/\/portalcatolico.net\/portal\/wp-json\/wp\/v2\/media?parent=52002"}],"wp:term":[{"taxonomy":"category","embeddable":true,"href":"http:\/\/portalcatolico.net\/portal\/wp-json\/wp\/v2\/categories?post=52002"},{"taxonomy":"post_tag","embeddable":true,"href":"http:\/\/portalcatolico.net\/portal\/wp-json\/wp\/v2\/tags?post=52002"}],"curies":[{"name":"wp","href":"https:\/\/api.w.org\/{rel}","templated":true}]}}