{"id":51999,"date":"2018-03-02T22:59:25","date_gmt":"2018-03-03T01:59:25","guid":{"rendered":"http:\/\/portalcatolico.net\/portal\/?p=51999"},"modified":"2018-03-02T23:00:49","modified_gmt":"2018-03-03T02:00:49","slug":"paroquia-em-itabuna-recebe-imagem-peregrina-de-n-s-da-piedade","status":"publish","type":"post","link":"http:\/\/portalcatolico.net\/portal\/paroquia-em-itabuna-recebe-imagem-peregrina-de-n-s-da-piedade\/","title":{"rendered":"Par\u00f3quia em Itabuna recebe imagem peregrina  de N.S. da Piedade"},"content":{"rendered":"<div dir=\"auto\">A Imagem Peregrina de Nossa Senhora da Piedade, padroeira dos Frades Menores Capuchinhos da Prov\u00edncia de Bahia\u00a0 e Sergipe, est\u00e1 visitando \u00a0a Par\u00f3quia de Santa Rita de C\u00e1ssia na Diocese de Itabuna, no sul da Bahia, em prepara\u00e7\u00e3o\u00a0ao anivers\u00e1rio de 35 anos da Prov\u00edncia.<\/div>\n<div dir=\"auto\">A festa vai acontecer no dia 02 de julho deste ano. A Par\u00f3quia recebeu a Imagem da santa nesta sexta-feira (02) e ficar\u00e1 em venera\u00e7\u00e3o por trinta dias. Em seguida, ela segue para a Par\u00f3quia S\u00e3o Francisco na\u00a0Diocese de Eun\u00e1polis, no extremo sul baiano.<\/div>\n<div dir=\"auto\">A\u00a0 Imagem da Santa Peregrina veio do convento e \u00a0Par\u00f3quia de\u00a0 Nossa Senhora de F\u00e1tima da Arquidiocese de Vit\u00f3ria da Conquista e foi acolhida com a santa missa na Igreja Matriz de Santa Rita de C\u00e1ssia, nesta noite, por volta das 19h.<\/div>\n<div dir=\"auto\">A celebra\u00e7\u00e3o foi presidida pelo Vig\u00e1rio\u00a0 Provincial,\u00a0 o Pe. Frei Gilson de Jesus Marinho e concelebrada pelo Pe. Frei Jos\u00e9 Gen\u00edlton.\u00a0 Segundo o Frei Gen\u00edlton, a matriz de Santa Rita vai ter uma programa\u00e7\u00e3o\u00a0 especial para a venera\u00e7\u00e3o da Imagem da Santa durante os trinta dias. Ele disse ainda que essa visita \u00e9 uma b\u00ean\u00e7\u00e3o, pois coincidiu com as comemora\u00e7\u00f5es dos 50 anos de evangeliza\u00e7\u00e3o da Par\u00f3quia \u00a0Santa Rita de C\u00e1ssia.<\/div>\n<div dir=\"auto\">J\u00e1 Frei Gilson falou sobre a realiza\u00e7\u00e3o dessa peregrina\u00e7\u00e3o: &#8220;Surgiu como uma proposta provincial para celebrar os 35 anos de eleva\u00e7\u00e3o can\u00f4nica da nossa Prov\u00edncia. Foi constitu\u00edda uma comiss\u00e3o que organizou toda peregrina\u00e7\u00e3o, para que a Fraternidade pudesse acolher esta Imagem e celebrar este momento especial&#8221;, finalizou.<\/div>\n<div dir=\"auto\">Reportagem e foto: Valdeni Elias<\/div>\n<div dir=\"auto\">Edi\u00e7\u00e3o de texto: Anara Passos<\/div>\n<div dir=\"auto\">\n<p><strong>Confira mais fotos, s\u00f3 clicar: <a href=\"http:\/\/portalcatolico.net\/portal\/index.php\/imagem-peregrina-de-n-s-da-piedade-visita-santa-rita-de-cassia-em-itabuna\/\"><span style=\"color: #ff0000;\">AQUI<\/span><\/a><\/strong><\/p>\n<\/div>\n","protected":false},"excerpt":{"rendered":"<p>A Imagem Peregrina de Nossa Senhora da Piedade, padroeira dos Frades Menores Capuchinhos da Prov\u00edncia de Bahia\u00a0 e Sergipe, est\u00e1 visitando \u00a0a Par\u00f3quia de Santa Rita de C\u00e1ssia na Diocese de Itabuna, no sul da Bahia, em prepara\u00e7\u00e3o\u00a0ao anivers\u00e1rio de 35 anos da Prov\u00edncia. A festa vai acontecer no dia 02 de julho deste ano.&nbsp;<\/p>\n<p><a class=\"btn btn-style\" href=\"http:\/\/portalcatolico.net\/portal\/paroquia-em-itabuna-recebe-imagem-peregrina-de-n-s-da-piedade\/\">Continue Reading<\/a><\/p>\n","protected":false},"author":2,"featured_media":52001,"comment_status":"open","ping_status":"open","sticky":false,"template":"","format":"standard","meta":{"footnotes":""},"categories":[68],"tags":[],"class_list":["post-51999","post","type-post","status-publish","format-standard","has-post-thumbnail","hentry","category-homilias"],"_links":{"self":[{"href":"http:\/\/portalcatolico.net\/portal\/wp-json\/wp\/v2\/posts\/51999","targetHints":{"allow":["GET"]}}],"collection":[{"href":"http:\/\/portalcatolico.net\/portal\/wp-json\/wp\/v2\/posts"}],"about":[{"href":"http:\/\/portalcatolico.net\/portal\/wp-json\/wp\/v2\/types\/post"}],"author":[{"embeddable":true,"href":"http:\/\/portalcatolico.net\/portal\/wp-json\/wp\/v2\/users\/2"}],"replies":[{"embeddable":true,"href":"http:\/\/portalcatolico.net\/portal\/wp-json\/wp\/v2\/comments?post=51999"}],"version-history":[{"count":1,"href":"http:\/\/portalcatolico.net\/portal\/wp-json\/wp\/v2\/posts\/51999\/revisions"}],"predecessor-version":[{"id":52000,"href":"http:\/\/portalcatolico.net\/portal\/wp-json\/wp\/v2\/posts\/51999\/revisions\/52000"}],"wp:featuredmedia":[{"embeddable":true,"href":"http:\/\/portalcatolico.net\/portal\/wp-json\/wp\/v2\/media\/52001"}],"wp:attachment":[{"href":"http:\/\/portalcatolico.net\/portal\/wp-json\/wp\/v2\/media?parent=51999"}],"wp:term":[{"taxonomy":"category","embeddable":true,"href":"http:\/\/portalcatolico.net\/portal\/wp-json\/wp\/v2\/categories?post=51999"},{"taxonomy":"post_tag","embeddable":true,"href":"http:\/\/portalcatolico.net\/portal\/wp-json\/wp\/v2\/tags?post=51999"}],"curies":[{"name":"wp","href":"https:\/\/api.w.org\/{rel}","templated":true}]}}